{"id":39708,"date":"2025-04-08T08:31:14","date_gmt":"2025-04-08T06:31:14","guid":{"rendered":"https:\/\/www.geoparcorigens.cat\/el-geoparc-mundial-de-la-unesco-origens-acull-a-tremp-la-16a-lolimpiada-nacional-de-geologia-amb-una-participacio-record\/"},"modified":"2025-04-08T08:40:07","modified_gmt":"2025-04-08T06:40:07","slug":"el-geoparc-mundial-de-la-unesco-origens-acull-a-tremp-la-16a-lolimpiada-nacional-de-geologia-amb-una-participacio-record","status":"publish","type":"post","link":"https:\/\/www.geoparcorigens.cat\/es\/el-geoparc-mundial-de-la-unesco-origens-acull-a-tremp-la-16a-lolimpiada-nacional-de-geologia-amb-una-participacio-record\/","title":{"rendered":"El Geoparc mundial de la UNESCO Or\u00edgens acoge en Tremp la 16a Olimp\u00edada Nacional de Geolog\u00eda con una participaci\u00f3n r\u00e9cord"},"content":{"rendered":"\n<ul class=\"wp-block-list\">\n<li><strong>El Instituto de Tremp (L\u00e9rida) re\u00fane a los mejores estudiantes de Geolog\u00eda de todo el pa\u00eds.<\/strong><\/li>\n\n\n\n<li><strong>Fernando Juez, de Badajoz, Santiago Otero y Hugo Gorgojo, de La Coru\u00f1a, y Samuel Mart\u00edn, de Salamanca representar\u00e1n a Espa\u00f1a en la Olimpiada Internacional de Ciencias de la Tierra (IESO 2025) en Ji\u2019ning, China.<\/strong><\/li>\n<\/ul>\n\n\n\n<p>Un a\u00f1o m\u00e1s, se ha celebrado con \u00e9xito la 16\u00aa Olimpiada Espa\u00f1ola de Geolog\u00eda, una iniciativa que busca fomentar el inter\u00e9s por la geolog\u00eda entre los estudiantes de 4\u00ba de ESO y Bachillerato. Este a\u00f1o, la fase nacional tuvo lugar el 5 de abril en el Instituto P\u00fablico de Tremp (L\u00e9rida), reuniendo a 93 estudiantes ganadores de las fases territoriales, en las que participaron 4.359 alumnos de 41 sedes de toda Espa\u00f1a. El objetivo de esta fase ha sido seleccionar al equipo espa\u00f1ol que representar\u00e1 al pa\u00eds en la fase internacional en Ji\u2019ning, China, el pr\u00f3ximo mes de agosto.<\/p>\n\n\n\n<p>El acto inaugural, celebrado el viernes, cont\u00f3 con la presencia de representantes de la Sociedad Geol\u00f3gica de Espa\u00f1a (SGE) y la Asociaci\u00f3n Espa\u00f1ola para la Ense\u00f1anza de las Ciencias de la Tierra (AEPECT), acompa\u00f1ados por autoridades acad\u00e9micas y locales. Adem\u00e1s, en la organizaci\u00f3n han participado el Geoparque Mundial de la UNESCO Or\u00edgens, el Campo de Aprendizaje de Tremp, el Instituto Cartogr\u00e1fico y Geol\u00f3gico de Catalu\u00f1a (ICGC), el Instituto de Tremp, los Servicios Educativos del Pallars y el Ayuntamiento de Tremp.<\/p>\n\n\n<style>.kb-row-layout-id39708_b8dca1-84 > .kt-row-column-wrap{align-content:start;}:where(.kb-row-layout-id39708_b8dca1-84 > .kt-row-column-wrap) > .wp-block-kadence-column{justify-content:start;}.kb-row-layout-id39708_b8dca1-84 > .kt-row-column-wrap{column-gap:var(--global-kb-gap-md, 2rem);row-gap:var(--global-kb-gap-none, 0rem );max-width:900px;margin-left:auto;margin-right:auto;padding-top:var(--global-kb-spacing-xxl, 5rem);padding-bottom:var(--global-kb-spacing-xxl, 5rem);grid-template-columns:minmax(0, calc(60% - ((var(--global-kb-gap-md, 2rem) * 1 )\/2)))minmax(0, calc(40% - ((var(--global-kb-gap-md, 2rem) * 1 )\/2)));}.kb-row-layout-id39708_b8dca1-84 > .kt-row-layout-overlay{opacity:0.30;}@media all and (max-width: 1024px){.kb-row-layout-id39708_b8dca1-84 > .kt-row-column-wrap{grid-template-columns:minmax(0, 2fr) minmax(0, 1fr);}}@media all and (max-width: 767px){.kb-row-layout-id39708_b8dca1-84 > .kt-row-column-wrap{grid-template-columns:minmax(0, 1fr);}}<\/style><div class=\"kb-row-layout-wrap kb-row-layout-id39708_b8dca1-84 alignfull wp-block-kadence-rowlayout\"><div class=\"kt-row-column-wrap kt-has-2-columns kt-row-layout-left-golden kt-tab-layout-inherit kt-mobile-layout-row kt-row-valign-top\">\n<style>.kadence-column39708_826cd4-2e > .kt-inside-inner-col,.kadence-column39708_826cd4-2e > .kt-inside-inner-col:before{border-top-left-radius:0px;border-top-right-radius:0px;border-bottom-right-radius:0px;border-bottom-left-radius:0px;}.kadence-column39708_826cd4-2e > .kt-inside-inner-col{column-gap:var(--global-kb-gap-sm, 1rem);}.kadence-column39708_826cd4-2e > .kt-inside-inner-col{flex-direction:column;}.kadence-column39708_826cd4-2e > .kt-inside-inner-col > .aligncenter{width:100%;}.kadence-column39708_826cd4-2e > .kt-inside-inner-col:before{opacity:0.3;}.kadence-column39708_826cd4-2e{position:relative;}.kadence-column39708_826cd4-2e, .kt-inside-inner-col > .kadence-column39708_826cd4-2e:not(.specificity){margin-left:var(--global-kb-spacing-3xl, 6.5rem);}@media all and (max-width: 1024px){.kadence-column39708_826cd4-2e > .kt-inside-inner-col{flex-direction:column;justify-content:center;}}@media all and (max-width: 767px){.kadence-column39708_826cd4-2e > .kt-inside-inner-col{flex-direction:column;justify-content:center;}}<\/style>\n<div class=\"wp-block-kadence-column kadence-column39708_826cd4-2e\"><div class=\"kt-inside-inner-col\">\n<p>Las pruebas combinaron ejercicios individuales y en equipo, realizadas en el Instituto de Tremp y en el Pirineus Geological Open Museum. Paralelamente, los 50 profesores y voluntarios acompa\u00f1antes realizaron una visita geol\u00f3gica interpretada por distintos puntos del Geoparque.<\/p>\n\n\n\n<p>A pesar de la tarde lluviosa, los participantes tuvieron la oportunidad de visitar yacimientos paleontol\u00f3gicos, zonas para la interpretaci\u00f3n geol\u00f3gica de la formaci\u00f3n de los Pirineos y uno de los cuatro lagos k\u00e1rsticos de Catalu\u00f1a.<\/p>\n<\/div><\/div>\n\n\n<style>.kadence-column39708_82b64d-f9 > .kt-inside-inner-col,.kadence-column39708_82b64d-f9 > .kt-inside-inner-col:before{border-top-left-radius:0px;border-top-right-radius:0px;border-bottom-right-radius:0px;border-bottom-left-radius:0px;}.kadence-column39708_82b64d-f9 > .kt-inside-inner-col{column-gap:var(--global-kb-gap-sm, 1rem);}.kadence-column39708_82b64d-f9 > .kt-inside-inner-col{flex-direction:column;}.kadence-column39708_82b64d-f9 > .kt-inside-inner-col > .aligncenter{width:100%;}.kadence-column39708_82b64d-f9 > .kt-inside-inner-col:before{opacity:0.3;}.kadence-column39708_82b64d-f9{position:relative;}@media all and (max-width: 1024px){.kadence-column39708_82b64d-f9 > .kt-inside-inner-col{flex-direction:column;justify-content:center;}}@media all and (max-width: 767px){.kadence-column39708_82b64d-f9 > .kt-inside-inner-col{flex-direction:column;justify-content:center;}}<\/style>\n<div class=\"wp-block-kadence-column kadence-column39708_82b64d-f9\"><div class=\"kt-inside-inner-col\"><style>.wp-block-kadence-image.kb-image39708_5a309c-e4:not(.kb-specificity-added):not(.kb-extra-specificity-added){margin-right:var(--global-kb-spacing-xl, 4rem);}.kb-image39708_5a309c-e4 .kb-image-has-overlay:after{opacity:0.3;}<\/style>\n<figure class=\"wp-block-kadence-image kb-image39708_5a309c-e4 size-large\"><img decoding=\"async\" src=\"https:\/\/www.geoparcorigens.cat\/wp-content\/uploads\/Prova-per-equips_Jardi-de-roques-768x1024.jpg\" alt=\"Prova per equips de l'Olimp\u00edada Geol\u00f2gica 2025\" class=\"kb-img wp-image-39698\"\/><\/figure>\n<\/div><\/div>\n\n<\/div><\/div>\n\n\n<p>La jornada concluy\u00f3 con el acto de entrega de premios en la sala de actos del INS Tremp, que estuvo presidido por Silvia Romero (Alcaldesa de Tremp); Amelia Calonge (Presidenta de la Comisi\u00f3n de Verificaci\u00f3n Nacional de la Olimpiada de Geolog\u00eda); D. David Brusi (Presidente de la Asociaci\u00f3n Espa\u00f1ola para la Ense\u00f1anza de las Ciencias de la Tierra); Ana Ruiz Const\u00e1n (Presidenta de la Sociedad Geol\u00f3gica de Espa\u00f1a) y Mara Noem\u00ed Rodr\u00edguez Fonteboa (representante del Ministerio de Educaci\u00f3n y Formaci\u00f3n Profesional).<\/p>\n\n\n\n<p>Fernando Juez, de Badajoz, ganador de las olimpiadas, representar\u00e1 a Espa\u00f1a en la Olimpiada Internacional en Ji\u2019ning, China, del 7 al 17 de agosto, junto con los segundo, tercer y cuarto clasificados, Santiago Otero y Hugo Gorgojo, de La Coru\u00f1a, y Samuel Mart\u00edn, de Salamanca, acompa\u00f1ados por el profesor Juan Pablo Pulido. Adem\u00e1s de la invitaci\u00f3n para participar en la Olimpiada Internacional de Ciencias de la Tierra (IESO), han recibido un certificado acreditativo y una mochila con un kit geol\u00f3gico.<\/p>\n\n\n\n<p>Los ganadores han recibido premios econ\u00f3micos: 1.000 \u20ac para los tres primeros clasificados, 750 \u20ac para los tres siguientes y 500 \u20ac para los clasificados entre el 7\u00ba y el 10\u00ba puesto. Adem\u00e1s, se han otorgado dos premios STEM para incentivar la presencia de alumnos en el \u00e1mbito cient\u00edfico, y como novedad, se ha premiado al mejor estudiante de 4\u00ba de ESO.<\/p>\n\n\n\n<figure class=\"wp-block-image size-large\" style=\"margin-top:0;margin-bottom:0\"><img decoding=\"async\" src=\"https:\/\/www.geoparcorigens.cat\/wp-content\/uploads\/Entrega-de-premis-768x1024.jpg\" alt=\"Entrega de premis de l'Olimp\u00edada Geol\u00f2gica 2025\" class=\"wp-image-39694\"\/><\/figure>\n\n\n\n<p>Para finalizar la fase nacional, el domingo 6 de abril, todos los participantes visitaron las Adober\u00edas y el Epicentre, centro de visitantes del Geoparque en Tremp.<\/p>\n\n\n\n<p>La Olimpiada ha sido muy bien valorada por estudiantes y profesores, que han destacado la calidad de las pruebas y las actividades realizadas. Ha contado con el patrocinio del Ministerio de Educaci\u00f3n y otros organismos y empresas a nivel estatal, adem\u00e1s del apoyo del Instituto de Estudios Ilerdenses de la Diputaci\u00f3n de L\u00e9rida, el Consejo Comarcal del Pallars Juss\u00e0, el Museo de la Conca Dell\u00e0, la Universidad de L\u00e9rida, la Universidad de Barcelona, la Universidad Aut\u00f3noma de Barcelona, el Colegio de Ge\u00f3logos de Catalu\u00f1a y el Instituto para el Desarrollo y la Promoci\u00f3n del Alto Pirineo y Ar\u00e1n.<\/p>\n\n\n\n<p>Este evento anual sirve para fomentar el inter\u00e9s de los estudiantes por la geolog\u00eda y las ciencias de la Tierra, poniendo en valor la importancia del patrimonio natural y la concienciaci\u00f3n ambiental.<\/p>\n\n\n\n<p>M\u00e1s informaci\u00f3n: <a href=\"https:\/\/www.aepect.org\/16a-olimpiada-espanola-de-geologia\/\">Associaci\u00f3 Espa\u00f1ola para la Ense\u00f1anza de las Ciencias de la Tierra (AEPECT)<\/a><\/p>\n\n\n\n<hr class=\"wp-block-separator has-alpha-channel-opacity\"\/>\n\n\n\n<p><strong>Los Geoparcs mundiales de la UNESCO su contribuci\u00f3n a la educaci\u00f3n<\/strong><\/p>\n\n\n\n<p>A trav\u00e9s de actividades educativas, talleres e itinerarios interpretativos, los Geoparques acercan el conocimiento geol\u00f3gico a estudiantes de todas las edades. Su colaboraci\u00f3n con escuelas y universidades permite despertar vocaciones cient\u00edficas y reforzar el aprendizaje en Ciencias de la Tierra, ofreciendo experiencias pr\u00e1cticas sobre fen\u00f3menos como la formaci\u00f3n de monta\u00f1as, los riesgos geol\u00f3gicos o la evoluci\u00f3n del clima.<\/p>\n\n\n\n<p>Adem\u00e1s, la divulgaci\u00f3n geol\u00f3gica en estos territorios contribuye a la sensibilizaci\u00f3n sobre la importancia de los recursos naturales y su gesti\u00f3n responsable. De este modo, los Geoparques no solo preservan su patrimonio, sino que tambi\u00e9n se convierten en una herramienta clave para la educaci\u00f3n ambiental y la concienciaci\u00f3n de las generaciones futuras.<\/p>\n","protected":false},"excerpt":{"rendered":"<p>Un a\u00f1o m\u00e1s, se ha celebrado con \u00e9xito la 16\u00aa Olimpiada Espa\u00f1ola de Geolog\u00eda, una iniciativa que busca fomentar el inter\u00e9s por la geolog\u00eda entre los estudiantes de 4\u00ba de ESO y Bachillerato. Este a\u00f1o, la fase nacional tuvo lugar el 5 de abril en el Instituto P\u00fablico de Tremp (L\u00e9rida), reuniendo a 93 estudiantes&#8230;<\/p>\n","protected":false},"author":2,"featured_media":39705,"comment_status":"open","ping_status":"open","sticky":false,"template":"","format":"standard","meta":{"_acf_changed":false,"_kad_blocks_custom_css":"","_kad_blocks_head_custom_js":"","_kad_blocks_body_custom_js":"","_kad_blocks_footer_custom_js":"","_kad_post_transparent":"","_kad_post_title":"","_kad_post_layout":"","_kad_post_sidebar_id":"","_kad_post_content_style":"","_kad_post_vertical_padding":"","_kad_post_feature":"","_kad_post_feature_position":"","_kad_post_header":false,"_kad_post_footer":false,"_kad_post_classname":"","footnotes":""},"categories":[248,254],"tags":[],"class_list":["post-39708","post","type-post","status-publish","format-standard","has-post-thumbnail","hentry","category-educacion-y-divulgacion","category-investigacion-y-colaboracion-cientifica"],"acf":[],"taxonomy_info":{"category":[{"value":248,"label":"Educaci\u00f3n y divulgaci\u00f3n"},{"value":254,"label":"Investigaci\u00f3n y colaboraci\u00f3n cient\u00edfica"}]},"featured_image_src_large":["https:\/\/www.geoparcorigens.cat\/wp-content\/uploads\/Prova-per-equips-768x1024.jpg",768,1024,true],"author_info":{"display_name":"Geoparc mundial UNESCO Or\u00edgens","author_link":"https:\/\/www.geoparcorigens.cat\/es\/author\/moon\/"},"comment_info":0,"category_info":[{"term_id":248,"name":"Educaci\u00f3n y divulgaci\u00f3n","slug":"educacion-y-divulgacion","term_group":0,"term_taxonomy_id":248,"taxonomy":"category","description":"","parent":0,"count":23,"filter":"raw","cat_ID":248,"category_count":23,"category_description":"","cat_name":"Educaci\u00f3n y divulgaci\u00f3n","category_nicename":"educacion-y-divulgacion","category_parent":0},{"term_id":254,"name":"Investigaci\u00f3n y colaboraci\u00f3n cient\u00edfica","slug":"investigacion-y-colaboracion-cientifica","term_group":0,"term_taxonomy_id":254,"taxonomy":"category","description":"","parent":0,"count":16,"filter":"raw","cat_ID":254,"category_count":16,"category_description":"","cat_name":"Investigaci\u00f3n y colaboraci\u00f3n cient\u00edfica","category_nicename":"investigacion-y-colaboracion-cientifica","category_parent":0}],"tag_info":false,"_links":{"self":[{"href":"https:\/\/www.geoparcorigens.cat\/es\/wp-json\/wp\/v2\/posts\/39708","targetHints":{"allow":["GET"]}}],"collection":[{"href":"https:\/\/www.geoparcorigens.cat\/es\/wp-json\/wp\/v2\/posts"}],"about":[{"href":"https:\/\/www.geoparcorigens.cat\/es\/wp-json\/wp\/v2\/types\/post"}],"author":[{"embeddable":true,"href":"https:\/\/www.geoparcorigens.cat\/es\/wp-json\/wp\/v2\/users\/2"}],"replies":[{"embeddable":true,"href":"https:\/\/www.geoparcorigens.cat\/es\/wp-json\/wp\/v2\/comments?post=39708"}],"version-history":[{"count":0,"href":"https:\/\/www.geoparcorigens.cat\/es\/wp-json\/wp\/v2\/posts\/39708\/revisions"}],"wp:featuredmedia":[{"embeddable":true,"href":"https:\/\/www.geoparcorigens.cat\/es\/wp-json\/wp\/v2\/media\/39705"}],"wp:attachment":[{"href":"https:\/\/www.geoparcorigens.cat\/es\/wp-json\/wp\/v2\/media?parent=39708"}],"wp:term":[{"taxonomy":"category","embeddable":true,"href":"https:\/\/www.geoparcorigens.cat\/es\/wp-json\/wp\/v2\/categories?post=39708"},{"taxonomy":"post_tag","embeddable":true,"href":"https:\/\/www.geoparcorigens.cat\/es\/wp-json\/wp\/v2\/tags?post=39708"}],"curies":[{"name":"wp","href":"https:\/\/api.w.org\/{rel}","templated":true}]}}