{"id":40285,"date":"2025-05-07T13:10:52","date_gmt":"2025-05-07T11:10:52","guid":{"rendered":"https:\/\/www.geoparcorigens.cat\/viu-la-ix-setmana-dels-geoparcs-europeus-amb-el-geoparc-mundial-unesco-origens\/"},"modified":"2025-05-13T14:35:10","modified_gmt":"2025-05-13T12:35:10","slug":"viu-la-ix-setmana-dels-geoparcs-europeus-amb-el-geoparc-mundial-unesco-origens","status":"publish","type":"post","link":"https:\/\/www.geoparcorigens.cat\/es\/viu-la-ix-setmana-dels-geoparcs-europeus-amb-el-geoparc-mundial-unesco-origens\/","title":{"rendered":"\u00a1Vive la IX Semana de los Geoparques Europeos con el Geoparque Mundial UNESCO Or\u00edgens!"},"content":{"rendered":"\n<div class=\"wp-block-columns is-layout-flex wp-container-core-columns-is-layout-9d6595d7 wp-block-columns-is-layout-flex\">\n<div class=\"wp-block-column is-vertically-aligned-center is-layout-flow wp-block-column-is-layout-flow\" style=\"flex-basis:66.66%\">\n<p>\u00danete a las actividades de esta semana tem\u00e1tica dedicada a descubrir y poner en valor los patrimonios del Geoparque.<\/p>\n\n\n\n<p>En este 2025, el Geoparque Or\u00edgens os invita a disfrutar de un conjunto de actividades gratuitas con el cambio clim\u00e1tico como eje conductor, en un programa lleno de charlas, salidas de campo, talleres y actividades para todas las edades.<\/p>\n<\/div>\n\n\n\n<div class=\"wp-block-column is-layout-flow wp-block-column-is-layout-flow\" style=\"flex-basis:33.33%\">\n<figure class=\"wp-block-image size-large\"><img decoding=\"async\" src=\"https:\/\/www.geoparcorigens.cat\/wp-content\/uploads\/Programa-A4-724x1024.jpg\" alt=\"Cartell EGN Week 2025\" class=\"wp-image-40278\"\/><\/figure>\n<\/div>\n<\/div>\n\n\n\n<p class=\"has-theme-palette-1-color has-text-color has-link-color wp-elements-18b79a9cee294c110c8a7a2a567a1d5d\">VIERNES 23 DE MAYO<\/p>\n\n\n\n<ul class=\"wp-block-list\">\n<li><strong>Latido verde: Olivos y el reto clim\u00e1tico<\/strong> &#8211; Charla en el Molino de aceite de Aramunt- <a href=\"https:\/\/www.geoparcorigens.cat\/es\/agenda\/setmana-dels-geoparcs-europeus-batec-verd-oliveres-i-el-repte-climatic\/\">M\u00e1s detalles<\/a><\/li>\n<\/ul>\n\n\n\n<p class=\"has-theme-palette-1-color has-text-color has-link-color wp-elements-1bf8e304ea8b126277044fdc0c8f8661\">S\u00c1BADO 24 DE MAYO<\/p>\n\n\n\n<ul class=\"wp-block-list\">\n<li><strong>El gran viaje: Aves migratorias y cambio clim\u00e1tico<\/strong> -Salida interpretativa por Sant Lloren\u00e7 de Montgai. &#8211; <a href=\"https:\/\/www.geoparcorigens.cat\/es\/agenda\/setmana-dels-geoparcs-europeus-el-gran-viatge-aus-migratories-i-canvi-climatic\/\">M\u00e1s detalles<\/a><\/li>\n\n\n\n<li><strong>Clima y neandertales: Los retos de la prehistoria<\/strong> &#8211; Charla y visita a la Roca dels Bous &#8211; <a href=\"https:\/\/www.geoparcorigens.cat\/es\/agenda\/setmana-dels-geoparcs-europeus-clima-i-neandertals-els-reptes-de-la-prehistoria\/\">M\u00e1s detalles<\/a><\/li>\n<\/ul>\n\n\n\n<p class=\"has-theme-palette-1-color has-text-color has-link-color wp-elements-c89efdae1b31488ddc5a9b4d85f19f77\">VIERNES 30 DE MAYO<\/p>\n\n\n\n<ul class=\"wp-block-list\">\n<li><strong>La hora del cuento: \u201cEl refugiado\u201d de Maria Barbal<\/strong>&#8211; Actividad infantil en la Biblioteca P\u00fablica Maria Barbal de Tremp. &#8211; <a href=\"https:\/\/www.geoparcorigens.cat\/es\/agenda\/setmana-dels-geoparcs-europeus-lhora-del-conte-el-refugiat\/\">M\u00e1s detalles<\/a><\/li>\n\n\n\n<li><strong>El tesoro invisible: El acu\u00edfero Areny-Montsec y el futuro del agua<\/strong>  &#8211; Charla en el local social de Basturs. &#8211; <a href=\"https:\/\/www.geoparcorigens.cat\/es\/agenda\/setmana-dels-geoparcs-europeus-el-tresor-invisible-laquifer-areny-montseci-el-futur-de-laigua\/\">M\u00e1s detalles<\/a><\/li>\n<\/ul>\n\n\n\n<p class=\"has-theme-palette-1-color has-text-color has-link-color wp-elements-801606080b998e639b3b8cbff138b9d8\">S\u00c1BADO 31 DE MAYO<\/p>\n\n\n\n<ul class=\"wp-block-list\">\n<li><strong>GEOPARQUEANDO: Historia y cambios de 150 millones de a\u00f1os.<\/strong> &#8211; Salida interpretativa en Vilanova de Mei\u00e0. &#8211; <a href=\"https:\/\/www.geoparcorigens.cat\/es\/agenda\/setmana-dels-geoparcs-europeus-geoparqueando-a-vilanova-de-meia-historia-i-canvis-de-150-milions-danys\/\">M\u00e1s detalles<\/a><\/li>\n\n\n\n<li><strong>El Guardi\u00e1n del tiempo: Enebro del Tuberic<\/strong> &#8211; Salida interpretativa en Castell de Mur &#8211; <a href=\"https:\/\/www.geoparcorigens.cat\/es\/agenda\/setmana-dels-geoparcs-europeus-el-guardia-del-temps-el-ginebre-del-tuberic\/\">M\u00e1s detalles<\/a><\/li>\n<\/ul>\n\n\n\n<p class=\"has-theme-palette-1-color has-text-color has-link-color wp-elements-b15ee820676eaca9b3e2bce6519c9770\">DOMINGO 1 DE JUNIO<\/p>\n\n\n\n<ul class=\"wp-block-list\">\n<li><strong>La ruta de los lagos: Paisajes en movimiento<\/strong> &#8211; Salida en bicicleta con interpretaci\u00f3n geol\u00f3gica por la Ruta de los Lagos. &#8211; <a href=\"https:\/\/www.geoparcorigens.cat\/es\/agenda\/setmana-dels-geoparcs-europeus-la-ruta-dels-llacspaisatges-en-moviment\/\">M\u00e1s detalles<\/a><\/li>\n<\/ul>\n\n\n\n<p class=\"has-theme-palette-1-color has-text-color has-link-color wp-elements-af590fb58fa1569e9839e71feb06448e\">JUEVES 5 DE JUNIO &#8211; DIA MUNDIAL DEL MEDIO AMBIENTE<\/p>\n\n\n\n<ul class=\"wp-block-list\">\n<li><strong>Un refugio para los anfibios: ay\u00fadanos a crearlo.<\/strong> &#8211; Voluntariado ambiental en la Microreserva de Salvatgines, Sal\u00e0s de Palla. &#8211; <a href=\"https:\/\/www.geoparcorigens.cat\/es\/agenda\/un-refugi-per-als-amfibis-ajudans-a-crear-lo\/\">M\u00e1s detalles<\/a><\/li>\n<\/ul>\n\n\n\n<p class=\"has-theme-palette-1-color has-text-color has-link-color wp-elements-993ee3a5ff46b636b46a50f0a7c8ff73\">VIERNES 6 DE JUNIO<\/p>\n\n\n\n<ul class=\"wp-block-list\">\n<li><strong>Vinos con alma: Agricultura regenerativa<\/strong>-Charla y visita a los vi\u00f1edos de Sauvella, Orcau. &#8211; <a href=\"https:\/\/www.geoparcorigens.cat\/es\/agenda\/sortida-interpretada\/\">M\u00e1s detalles<\/a><\/li>\n<\/ul>\n\n\n\n<p class=\"has-theme-palette-1-color has-text-color has-link-color wp-elements-610863479b3bbe444ab5d2781acbbe7c\">S\u00c1BADO 7 DE JUNIO<\/p>\n\n\n\n<ul class=\"wp-block-list\">\n<li><strong>Sant Pere y la Serpent: Historias entre riscos<\/strong> &#8211; Salida interpretativa por el desfiladero de Collegats. &#8211; <a href=\"https:\/\/www.geoparcorigens.cat\/es\/agenda\/setmana-dels-geoparcs-europeus-sant-pere-i-la-serpent-histories-entre-cingles\/\">M\u00e1s detalles<\/a><\/li>\n<\/ul>\n\n\n\n<p class=\"has-theme-palette-1-color has-text-color has-link-color wp-elements-0e00bf59de8d87a9920e435b38b75286\">DOMINGO 8 DE JUNIO<\/p>\n\n\n\n<ul class=\"wp-block-list\">\n<li><strong>Cultivando el futuro: Semillas de oportunidades en tiempos de cambio<\/strong>&#8211; Xerrada als Horts de Senterada Comestible &#8211; <a href=\"https:\/\/www.geoparcorigens.cat\/es\/agenda\/setmana-dels-geoparcs-europeus-cultivant-el-futur-llavors-doportunitats-en-temps-de-canvi\/\">M\u00e9s detalls<\/a><\/li>\n\n\n\n<li><strong>\u00bfQu\u00e9 sabemos sobre los cambios clim\u00e1ticos en la \u00e9poca de los dinosaurios?<\/strong> &#8211; Charla y visita a Dinosfera para celebrar los 10 a\u00f1os de la inauguraci\u00f3n del museo (Coll de Narg\u00f3) &#8211;<a href=\"https:\/\/www.geoparcorigens.cat\/es\/agenda\/setmana-dels-geoparcs-europeus-que-en-sabem-dels-canvis-climatics-a-lepoca-dels-dinosaures\/\"> M\u00e1s detalles<\/a><\/li>\n<\/ul>\n\n\n\n<p>Descarga el <a href=\"https:\/\/drive.google.com\/file\/d\/1J9vxmMieEAHMEBXIDR1PeTWg9CPGxWVF\/view\" target=\"_blank\" rel=\"noreferrer noopener\">programa<\/a> (*en catal\u00e1n) o inscr\u00edbete en las actividades aqu\u00ed: \u00a0<a href=\"https:\/\/ja.cat\/aZlQF\">https:\/\/ja.cat\/aZlQF<\/a><\/p>\n","protected":false},"excerpt":{"rendered":"<p>\u00danete a las actividades de esta semana tem\u00e1tica dedicada a descubrir y poner en valor los patrimonios del Geoparque. En este 2025, el Geoparque Or\u00edgens os invita a disfrutar de un conjunto de actividades gratuitas con el cambio clim\u00e1tico como eje conductor, en un programa lleno de charlas, salidas de campo, talleres y actividades para&#8230;<\/p>\n","protected":false},"author":2,"featured_media":40281,"comment_status":"open","ping_status":"open","sticky":false,"template":"","format":"standard","meta":{"_acf_changed":false,"_kad_blocks_custom_css":"","_kad_blocks_head_custom_js":"","_kad_blocks_body_custom_js":"","_kad_blocks_footer_custom_js":"","_kad_post_transparent":"","_kad_post_title":"","_kad_post_layout":"","_kad_post_sidebar_id":"","_kad_post_content_style":"","_kad_post_vertical_padding":"","_kad_post_feature":"","_kad_post_feature_position":"","_kad_post_header":false,"_kad_post_footer":false,"_kad_post_classname":"","footnotes":""},"categories":[248,251],"tags":[269,278,764,813,787],"class_list":["post-40285","post","type-post","status-publish","format-standard","has-post-thumbnail","hentry","category-educacion-y-divulgacion","category-gestion-del-geoparque-y-trabajo-en-red","tag-colaboraciones","tag-cultura-es","tag-voluntariat-es","tag-xarxa-espanyola-de-geoparcs-mundials-es","tag-xarxa-europea-de-geoparcs-es"],"acf":[],"taxonomy_info":{"category":[{"value":248,"label":"Educaci\u00f3n y divulgaci\u00f3n"},{"value":251,"label":"Gesti\u00f3n del Geoparque y trabajo en red"}],"post_tag":[{"value":269,"label":"Colaboraciones"},{"value":278,"label":"Cultura"},{"value":764,"label":"Voluntariat"},{"value":813,"label":"Xarxa espanyola de Geoparcs Mundials"},{"value":787,"label":"Xarxa Europea de Geoparcs"}]},"featured_image_src_large":["https:\/\/www.geoparcorigens.cat\/wp-content\/uploads\/Programa-A4-724x1024.jpg",724,1024,true],"author_info":{"display_name":"Geoparc mundial UNESCO Or\u00edgens","author_link":"https:\/\/www.geoparcorigens.cat\/es\/author\/moon\/"},"comment_info":0,"category_info":[{"term_id":248,"name":"Educaci\u00f3n y divulgaci\u00f3n","slug":"educacion-y-divulgacion","term_group":0,"term_taxonomy_id":248,"taxonomy":"category","description":"","parent":0,"count":23,"filter":"raw","cat_ID":248,"category_count":23,"category_description":"","cat_name":"Educaci\u00f3n y divulgaci\u00f3n","category_nicename":"educacion-y-divulgacion","category_parent":0},{"term_id":251,"name":"Gesti\u00f3n del Geoparque y trabajo en red","slug":"gestion-del-geoparque-y-trabajo-en-red","term_group":0,"term_taxonomy_id":251,"taxonomy":"category","description":"","parent":0,"count":31,"filter":"raw","cat_ID":251,"category_count":31,"category_description":"","cat_name":"Gesti\u00f3n del Geoparque y trabajo en red","category_nicename":"gestion-del-geoparque-y-trabajo-en-red","category_parent":0}],"tag_info":[{"term_id":269,"name":"Colaboraciones","slug":"colaboraciones","term_group":0,"term_taxonomy_id":269,"taxonomy":"post_tag","description":"","parent":0,"count":4,"filter":"raw"},{"term_id":278,"name":"Cultura","slug":"cultura-es","term_group":0,"term_taxonomy_id":278,"taxonomy":"post_tag","description":"","parent":0,"count":2,"filter":"raw"},{"term_id":764,"name":"Voluntariat","slug":"voluntariat-es","term_group":0,"term_taxonomy_id":764,"taxonomy":"post_tag","description":"","parent":0,"count":3,"filter":"raw"},{"term_id":813,"name":"Xarxa espanyola de Geoparcs Mundials","slug":"xarxa-espanyola-de-geoparcs-mundials-es","term_group":0,"term_taxonomy_id":813,"taxonomy":"post_tag","description":"","parent":0,"count":3,"filter":"raw"},{"term_id":787,"name":"Xarxa Europea de Geoparcs","slug":"xarxa-europea-de-geoparcs-es","term_group":0,"term_taxonomy_id":787,"taxonomy":"post_tag","description":"","parent":0,"count":14,"filter":"raw"}],"_links":{"self":[{"href":"https:\/\/www.geoparcorigens.cat\/es\/wp-json\/wp\/v2\/posts\/40285","targetHints":{"allow":["GET"]}}],"collection":[{"href":"https:\/\/www.geoparcorigens.cat\/es\/wp-json\/wp\/v2\/posts"}],"about":[{"href":"https:\/\/www.geoparcorigens.cat\/es\/wp-json\/wp\/v2\/types\/post"}],"author":[{"embeddable":true,"href":"https:\/\/www.geoparcorigens.cat\/es\/wp-json\/wp\/v2\/users\/2"}],"replies":[{"embeddable":true,"href":"https:\/\/www.geoparcorigens.cat\/es\/wp-json\/wp\/v2\/comments?post=40285"}],"version-history":[{"count":0,"href":"https:\/\/www.geoparcorigens.cat\/es\/wp-json\/wp\/v2\/posts\/40285\/revisions"}],"wp:featuredmedia":[{"embeddable":true,"href":"https:\/\/www.geoparcorigens.cat\/es\/wp-json\/wp\/v2\/media\/40281"}],"wp:attachment":[{"href":"https:\/\/www.geoparcorigens.cat\/es\/wp-json\/wp\/v2\/media?parent=40285"}],"wp:term":[{"taxonomy":"category","embeddable":true,"href":"https:\/\/www.geoparcorigens.cat\/es\/wp-json\/wp\/v2\/categories?post=40285"},{"taxonomy":"post_tag","embeddable":true,"href":"https:\/\/www.geoparcorigens.cat\/es\/wp-json\/wp\/v2\/tags?post=40285"}],"curies":[{"name":"wp","href":"https:\/\/api.w.org\/{rel}","templated":true}]}}