{"id":40585,"date":"2025-06-13T13:59:01","date_gmt":"2025-06-13T11:59:01","guid":{"rendered":"https:\/\/www.geoparcorigens.cat\/el-geoparc-origens-tanca-la-ix-setmana-dels-geoparcs-europeus-amb-quasi-300-participants\/"},"modified":"2025-06-16T10:14:06","modified_gmt":"2025-06-16T08:14:06","slug":"el-geoparc-origens-tanca-la-ix-setmana-dels-geoparcs-europeus-amb-quasi-300-participants","status":"publish","type":"post","link":"https:\/\/www.geoparcorigens.cat\/es\/el-geoparc-origens-tanca-la-ix-setmana-dels-geoparcs-europeus-amb-quasi-300-participants\/","title":{"rendered":"El Geoparque Or\u00edgens cierra la IX Semana de los Geoparques Europeos con casi 300 participantes"},"content":{"rendered":"\n<ul class=\"wp-block-list\">\n<li><strong>Se han realizado trece actividades gratuitas para dar a conocer el Geoparque mundial UNESCO Or\u00edgenes.<\/strong><\/li>\n\n\n\n<li><strong>Las actividades se han enmarcado bajo la tem\u00e1tica del Cambio Clim\u00e1tico.<\/strong><\/li>\n\n\n\n<li><strong>La edici\u00f3n de este a\u00f1o ha coincidido con el D\u00eda Mundial del Medio Ambiente y la celebraci\u00f3n del d\u00e9cimo aniversario de Dinosfera.<\/strong><\/li>\n<\/ul>\n\n\n\n<p>La Semana de los Geoparques Europeos es un festival que se celebra anual y simult\u00e1neamente en toda Europa. Su objetivo es la sensibilizaci\u00f3n sobre la geoconservaci\u00f3n y la promoci\u00f3n del patrimonio geol\u00f3gico, organizando actividades geotur\u00edsticas, de preservaci\u00f3n del medio y educativas en los diferentes geoparques.<\/p>\n\n\n\n<p>Este a\u00f1o, el Geoparc Or\u00edgens ha celebrado la novena edici\u00f3n de este festival entre el 23 de mayo y el 8 de junio. A lo largo de estos d\u00edas se han propuesto trece actividades gratuitas destinadas a divulgar el Geoparque Or\u00edgenes y su patrimonio. Los casi 300 participantes han podido disfrutar de charlas t\u00e9cnicas, salidas interpretadas, actividades de preservaci\u00f3n de valores naturales y culturales, actividades familiares e infantiles, talleres en escuelas e institutos y visitas guiadas a exposiciones.<\/p>\n\n\n\n<p>Bajo la tem\u00e1tica del Cambio clim\u00e1tico, la edici\u00f3n de este a\u00f1o ha contado con diversas actividades que han invitado a los participantes a reflexionar sobre la crisis clim\u00e1tica actual, y c\u00f3mo la geolog\u00eda nos ayuda a entender el pasado para encarar el futuro. Se han impartido charlas y visitas guiadas en torno a la tem\u00e1tica del reto clim\u00e1tico durante la prehistoria en el Espai Or\u00edgens y la Roca dels Bous (Camarasa), con cerca de 30 participantes. Adem\u00e1s, una cincuentena de personas ha disfrutado de diferentes charlas y salidas interpretativas sobre el efecto del Cambio clim\u00e1tico en la migraci\u00f3n de las aves (Camarasa), la disponibilidad del agua (acu\u00edfero Areny-Montsec, Basturs), y los \u00e1rboles monumentales (Castell de Mur). Por otro lado, algunos participantes pudieron aprender sobre geolog\u00eda, naturaleza, historia y paisaje, a lo largo de una ruta por el desfiladero de Collegats, hasta el monasterio troglod\u00edtico de Sant Pere de les Maleses. Tambi\u00e9n destacamos dos charlas acompa\u00f1adas de visitas de campo que han reunido a m\u00e1s de cuarenta participantes, centradas en los efectos del Cambio clim\u00e1tico en el cultivo de los olivos (Aramunt) y los vi\u00f1edos (Orcau) del territorio.<\/p>\n\n\n\n<figure class=\"wp-block-image size-large\"><img loading=\"lazy\" decoding=\"async\" width=\"768\" height=\"1024\" src=\"https:\/\/www.geoparcorigens.cat\/wp-content\/uploads\/Visita-a-les-vinyes-de-Sauvella-entitat-collaboradora-per-coneixer-el-seu-projecte-dagricultura-regenerativa-768x1024.jpg\" alt=\"\" class=\"wp-image-40570\" srcset=\"https:\/\/www.geoparcorigens.cat\/wp-content\/uploads\/Visita-a-les-vinyes-de-Sauvella-entitat-collaboradora-per-coneixer-el-seu-projecte-dagricultura-regenerativa-768x1024.jpg 768w, https:\/\/www.geoparcorigens.cat\/wp-content\/uploads\/Visita-a-les-vinyes-de-Sauvella-entitat-collaboradora-per-coneixer-el-seu-projecte-dagricultura-regenerativa-225x300.jpg 225w, https:\/\/www.geoparcorigens.cat\/wp-content\/uploads\/Visita-a-les-vinyes-de-Sauvella-entitat-collaboradora-per-coneixer-el-seu-projecte-dagricultura-regenerativa-300x400.jpg 300w, https:\/\/www.geoparcorigens.cat\/wp-content\/uploads\/Visita-a-les-vinyes-de-Sauvella-entitat-collaboradora-per-coneixer-el-seu-projecte-dagricultura-regenerativa.jpg 900w\" sizes=\"auto, (max-width: 768px) 100vw, 768px\" \/><figcaption class=\"wp-element-caption\">Visita a los vi\u00f1edos de Sauvella, entidad colaboradora, para conocer su proyecto de agricultura regenerativa.<\/figcaption><\/figure>\n\n\n\n<p>La celebraci\u00f3n de este a\u00f1o ha servido tambi\u00e9n para conmemorar dos fechas especiales. Por un lado, el D\u00eda Mundial del Medio Ambiente (5 de junio), se llev\u00f3 a cabo una reforestaci\u00f3n de una balsa para anfibios en Sal\u00e0s de Pallars. Por otra parte, el 8 de junio, la Dinosfera (Coll de Narg\u00f3) celebr\u00f3 el d\u00e9cimo aniversario de la inauguraci\u00f3n del museo. La jornada, con una cuarentena de participantes, cont\u00f3 con una charla sobre los Cambios Clim\u00e1ticos en la \u00e9poca de los dinosaurios y otras actividades divulgativas.<\/p>\n\n\n\n<p>En el \u00e1mbito educativo, la Semana de los Geoparque Europeos ha contado con una actividad escolar realizada en el INS La Pobla de Segur y la Escuela Andreu Farran &#8211; ZER Montsec (\u00c0ger), donde cerca de 60 alumnos pudieron aprender sobre los Objetivos de Desarrollo Sostenible, poniendo en pr\u00e1ctica los conocimientos aprendidos mediante la resoluci\u00f3n de retos. Adem\u00e1s, los m\u00e1s peque\u00f1os pudieron participar a la hora del Cuento: El refugiado, en la Biblioteca P\u00fablica Maria Barbal (Tremp).<\/p>\n\n\n\n<p>Por \u00faltimo, el programa ha incluido una actividad com\u00fan en los programas de la Semana de los Geoparques de todos los Geoparques de Espa\u00f1a que se llama Geoparqueando. En el caso del Geoparc Or\u00edgens se ha materializado con una salida interpretada de geolog\u00eda, flora y fauna en el Puig de Mei\u00e0.<\/p>\n\n\n\n<p><\/p>\n","protected":false},"excerpt":{"rendered":"<p>La Semana de los Geoparques Europeos es un festival que se celebra anual y simult\u00e1neamente en toda Europa. Su objetivo es la sensibilizaci\u00f3n sobre la geoconservaci\u00f3n y la promoci\u00f3n del patrimonio geol\u00f3gico, organizando actividades geotur\u00edsticas, de preservaci\u00f3n del medio y educativas en los diferentes geoparques. Este a\u00f1o, el Geoparc Or\u00edgens ha celebrado la novena edici\u00f3n&#8230;<\/p>\n","protected":false},"author":2,"featured_media":40569,"comment_status":"open","ping_status":"open","sticky":false,"template":"","format":"standard","meta":{"_acf_changed":false,"_kad_blocks_custom_css":"","_kad_blocks_head_custom_js":"","_kad_blocks_body_custom_js":"","_kad_blocks_footer_custom_js":"","_kad_post_transparent":"","_kad_post_title":"","_kad_post_layout":"","_kad_post_sidebar_id":"","_kad_post_content_style":"","_kad_post_vertical_padding":"","_kad_post_feature":"","_kad_post_feature_position":"","_kad_post_header":false,"_kad_post_footer":false,"_kad_post_classname":"","footnotes":""},"categories":[248,251],"tags":[269,278,764,813,865],"class_list":["post-40585","post","type-post","status-publish","format-standard","has-post-thumbnail","hentry","category-educacion-y-divulgacion","category-gestion-del-geoparque-y-trabajo-en-red","tag-colaboraciones","tag-cultura-es","tag-voluntariat-es","tag-xarxa-espanyola-de-geoparcs-mundials-es","tag-xarxa-mundial-de-geoparcs-es"],"acf":[],"taxonomy_info":{"category":[{"value":248,"label":"Educaci\u00f3n y divulgaci\u00f3n"},{"value":251,"label":"Gesti\u00f3n del Geoparque y trabajo en red"}],"post_tag":[{"value":269,"label":"Colaboraciones"},{"value":278,"label":"Cultura"},{"value":764,"label":"Voluntariat"},{"value":813,"label":"Xarxa espanyola de Geoparcs Mundials"},{"value":865,"label":"Xarxa Mundial de Geoparcs"}]},"featured_image_src_large":["https:\/\/www.geoparcorigens.cat\/wp-content\/uploads\/Visita-a-la-Roca-dels-Bous-sobre-el-canvi-climatic-durant-la-prehistoria-1024x461.jpg",1024,461,true],"author_info":{"display_name":"Geoparc mundial UNESCO Or\u00edgens","author_link":"https:\/\/www.geoparcorigens.cat\/es\/author\/moon\/"},"comment_info":0,"category_info":[{"term_id":248,"name":"Educaci\u00f3n y divulgaci\u00f3n","slug":"educacion-y-divulgacion","term_group":0,"term_taxonomy_id":248,"taxonomy":"category","description":"","parent":0,"count":23,"filter":"raw","cat_ID":248,"category_count":23,"category_description":"","cat_name":"Educaci\u00f3n y divulgaci\u00f3n","category_nicename":"educacion-y-divulgacion","category_parent":0},{"term_id":251,"name":"Gesti\u00f3n del Geoparque y trabajo en red","slug":"gestion-del-geoparque-y-trabajo-en-red","term_group":0,"term_taxonomy_id":251,"taxonomy":"category","description":"","parent":0,"count":31,"filter":"raw","cat_ID":251,"category_count":31,"category_description":"","cat_name":"Gesti\u00f3n del Geoparque y trabajo en red","category_nicename":"gestion-del-geoparque-y-trabajo-en-red","category_parent":0}],"tag_info":[{"term_id":269,"name":"Colaboraciones","slug":"colaboraciones","term_group":0,"term_taxonomy_id":269,"taxonomy":"post_tag","description":"","parent":0,"count":4,"filter":"raw"},{"term_id":278,"name":"Cultura","slug":"cultura-es","term_group":0,"term_taxonomy_id":278,"taxonomy":"post_tag","description":"","parent":0,"count":2,"filter":"raw"},{"term_id":764,"name":"Voluntariat","slug":"voluntariat-es","term_group":0,"term_taxonomy_id":764,"taxonomy":"post_tag","description":"","parent":0,"count":3,"filter":"raw"},{"term_id":813,"name":"Xarxa espanyola de Geoparcs Mundials","slug":"xarxa-espanyola-de-geoparcs-mundials-es","term_group":0,"term_taxonomy_id":813,"taxonomy":"post_tag","description":"","parent":0,"count":3,"filter":"raw"},{"term_id":865,"name":"Xarxa Mundial de Geoparcs","slug":"xarxa-mundial-de-geoparcs-es","term_group":0,"term_taxonomy_id":865,"taxonomy":"post_tag","description":"","parent":0,"count":2,"filter":"raw"}],"_links":{"self":[{"href":"https:\/\/www.geoparcorigens.cat\/es\/wp-json\/wp\/v2\/posts\/40585","targetHints":{"allow":["GET"]}}],"collection":[{"href":"https:\/\/www.geoparcorigens.cat\/es\/wp-json\/wp\/v2\/posts"}],"about":[{"href":"https:\/\/www.geoparcorigens.cat\/es\/wp-json\/wp\/v2\/types\/post"}],"author":[{"embeddable":true,"href":"https:\/\/www.geoparcorigens.cat\/es\/wp-json\/wp\/v2\/users\/2"}],"replies":[{"embeddable":true,"href":"https:\/\/www.geoparcorigens.cat\/es\/wp-json\/wp\/v2\/comments?post=40585"}],"version-history":[{"count":0,"href":"https:\/\/www.geoparcorigens.cat\/es\/wp-json\/wp\/v2\/posts\/40585\/revisions"}],"wp:featuredmedia":[{"embeddable":true,"href":"https:\/\/www.geoparcorigens.cat\/es\/wp-json\/wp\/v2\/media\/40569"}],"wp:attachment":[{"href":"https:\/\/www.geoparcorigens.cat\/es\/wp-json\/wp\/v2\/media?parent=40585"}],"wp:term":[{"taxonomy":"category","embeddable":true,"href":"https:\/\/www.geoparcorigens.cat\/es\/wp-json\/wp\/v2\/categories?post=40585"},{"taxonomy":"post_tag","embeddable":true,"href":"https:\/\/www.geoparcorigens.cat\/es\/wp-json\/wp\/v2\/tags?post=40585"}],"curies":[{"name":"wp","href":"https:\/\/api.w.org\/{rel}","templated":true}]}}