{"id":44347,"date":"2026-01-22T14:43:02","date_gmt":"2026-01-22T13:43:02","guid":{"rendered":"https:\/\/www.geoparcorigens.cat\/el-geoparc-origens-dona-a-coneixer-a-fitur-el-compromis-del-territori-pel-turisme-regeneratiu\/"},"modified":"2026-01-22T14:43:02","modified_gmt":"2026-01-22T13:43:02","slug":"el-geoparc-origens-dona-a-coneixer-a-fitur-el-compromis-del-territori-pel-turisme-regeneratiu","status":"publish","type":"post","link":"https:\/\/www.geoparcorigens.cat\/es\/el-geoparc-origens-dona-a-coneixer-a-fitur-el-compromis-del-territori-pel-turisme-regeneratiu\/","title":{"rendered":"El Geoparc Or\u00edgens dona a con\u00e8ixer a FITUR el comprom\u00eds del territori pel turisme regeneratiu"},"content":{"rendered":"\n<p><strong>La presentaci\u00f3 s\u2019emmarca en l\u2019estand dels Geoparcs Mundials de la UNESCO i posa l\u2019accent en el retorn positiu al territori<\/strong><\/p>\n\n\n\n<figure class=\"wp-block-image size-large\"><img loading=\"lazy\" decoding=\"async\" width=\"1024\" height=\"768\" src=\"https:\/\/www.geoparcorigens.cat\/wp-content\/uploads\/WhatsApp-Image-2026-01-21-at-15.04.28-1024x768.jpeg\" alt=\"El Geoparc Or\u00edgens dona a con\u00e8ixer a FITUR el comprom\u00eds del territori pel turisme regeneratiu. \" class=\"wp-image-44336\" srcset=\"https:\/\/www.geoparcorigens.cat\/wp-content\/uploads\/WhatsApp-Image-2026-01-21-at-15.04.28-1024x768.jpeg 1024w, https:\/\/www.geoparcorigens.cat\/wp-content\/uploads\/WhatsApp-Image-2026-01-21-at-15.04.28-300x225.jpeg 300w, https:\/\/www.geoparcorigens.cat\/wp-content\/uploads\/WhatsApp-Image-2026-01-21-at-15.04.28-768x576.jpeg 768w, https:\/\/www.geoparcorigens.cat\/wp-content\/uploads\/WhatsApp-Image-2026-01-21-at-15.04.28-1536x1152.jpeg 1536w, https:\/\/www.geoparcorigens.cat\/wp-content\/uploads\/WhatsApp-Image-2026-01-21-at-15.04.28.jpeg 1600w\" sizes=\"auto, (max-width: 1024px) 100vw, 1024px\" \/><figcaption class=\"wp-element-caption\">Obertura de l&#8217;estand dels Geoparcs Mundials de la UNESCO a FITUR 2026<\/figcaption><\/figure>\n\n\n\n<p><strong>Madrid, 21 de gener de 2026<\/strong> \u2013 El Geoparc Or\u00edgens ha estat present a FITUR 2026, la Fira Internacional de Turisme, en el marc de l\u2019estand dels Geoparcs Mundials de la UNESCO, organitzat per la Red Espa\u00f1ola de Geoparques Mundials (REGM) en col\u00b7laboraci\u00f3 amb l\u2019Ag\u00e8ncia Espanyola de Cooperaci\u00f3 Internacional per al Desenvolupament (AECID).<\/p>\n\n\n\n<p><strong>L\u2019estand dels Geoparcs Mundials de la UNESCO<\/strong><\/p>\n\n\n\n<p>L\u2019obertura oficial de l\u2019estand dels Geoparcs ha tingut lloc amb un acte senzill i respectu\u00f3s, que ha comen\u00e7at amb un recordatori a les v\u00edctimes dels recents accidents ferroviaris i als seus familiars.<\/p>\n\n\n\n<p>Durant l\u2019acte, la coordinadora de la Red Espa\u00f1ola de Geoparques Mundiales (REGM), Karmah Salman, ha agra\u00eft el suport de l\u2019Ag\u00e8ncia Espanyola de Cooperaci\u00f3 Internacional per al Desenvolupament (AECID) amb el cofinan\u00e7ament de l\u2019estand i &nbsp;presentat els Geoparcs i els seus valors. Tot seguit han intervingut el Sr. Artur S\u00e1, president de la Xarxa Mundial de Geoparcs (GGN) i la Sra. Emmaline Rosado, coordinadora de la Xarxa de Geoparcs de Llatinoam\u00e8rica i el Carib (GEOLAC). La presentaci\u00f3 de la nova edici\u00f3 de la revista que promou els 18 Geoparcs Mundials de la UNESCO d\u2019Espanya ha anat a c\u00e0rrec de Mar\u00eda Viorreta, representant del grup de treball de l\u2019organitzaci\u00f3 de l\u2019estand.<\/p>\n\n\n\n<p>L\u2019acte ha comptat amb la pres\u00e8ncia de representants institucionals i cient\u00edfics, entre els quals Santiago Sierra, secretari general (a.i.) de la Comissi\u00f3 Nacional Espanyola de Cooperaci\u00f3 amb la UNESCO; membres de l\u2019equip de l\u2019AECID; representants pol\u00edtics i t\u00e8cnics del Ministeri d\u2019Ind\u00fastria i Turisme; la directora i membres de l\u2019IGME-CSIC; representants de la Societat Geol\u00f2gica d\u2019Espanya, aix\u00ed com delegacions pol\u00edtiques, t\u00e8cniques i empreses del sector tur\u00edstic vinculades als diferents Geoparcs.<\/p>\n\n\n\n<p><strong>El Geoparc Or\u00edgens presenta el seu model de turisme regeneratiu<\/strong><\/p>\n\n\n\n<p>En el marc de les presentacions de la tarda, el Geoparc Or\u00edgens ha protagonitzat una presentaci\u00f3 pr\u00f2pia adre\u00e7ada a professionals del sector, on ha exposat la seva aposta pel turisme regeneratiu com a eina de gesti\u00f3 del territori.<\/p>\n\n\n\n<p>Durant la presentaci\u00f3 s\u2019han explicat diversos projectes que exemplifiquen aquest model, com el 5\u00e8 llac i Gratitud Pallars, Pallars Gastron\u00f2mic, orientat a posar en valor el producte local i la gastronomia vinculada al territori; VIGEOCULT, centrat en la relaci\u00f3 entre patrimoni geol\u00f2gic, cultura i coneixement; i el senderisme i turisme de bicicleta, com a proposta de mobilitat sostenible que afavoreix una descoberta pausada del paisatge i una millor distribuci\u00f3 dels fluxos tur\u00edstics.<\/p>\n\n\n\n<p>Aquests projectes s\u2019emmarquen en una estrat\u00e8gia que no competeix en volum sin\u00f3 en valor, basada en el respecte pel patrimoni natural i cultural, el refor\u00e7 de l\u2019economia local i la conviv\u00e8ncia amb la comunitat local i la vida quotidiana del territori. El Geoparc Or\u00edgens defensa el turisme com una eina capa\u00e7 de generar retorn positiu per a la comunitat i d\u2019oferir experi\u00e8ncies transformadores i amb sentit als visitants.<\/p>\n\n\n\n<p>La Fira Internacional de Turisme, FITUR 2026, se celebra al recinte d\u2019IFEM de Madrid fins aquest diumenge. L\u2019Estand dels Geoparc Mundials de la UNESCO romandr\u00e0 obert (Pavell\u00f3 7, estand A19), tant a professionals com al p\u00fablic en general, on es pot obtenir informaci\u00f3 detallada sobre els diferents Geoparc i els projectes i iniciatives que s\u2019hi desenvolupen.<\/p>\n","protected":false},"excerpt":{"rendered":"<p>La presentaci\u00f3 s\u2019emmarca en l\u2019estand dels Geoparcs Mundials de la UNESCO i posa l\u2019accent en el retorn positiu al territori Madrid, 21 de gener de 2026 \u2013 El Geoparc Or\u00edgens ha estat present a FITUR 2026, la Fira Internacional de Turisme, en el marc de l\u2019estand dels Geoparcs Mundials de la UNESCO, organitzat per la&#8230;<\/p>\n","protected":false},"author":2,"featured_media":44343,"comment_status":"open","ping_status":"open","sticky":false,"template":"","format":"standard","meta":{"_acf_changed":false,"_kad_blocks_custom_css":"","_kad_blocks_head_custom_js":"","_kad_blocks_body_custom_js":"","_kad_blocks_footer_custom_js":"","_kad_post_transparent":"","_kad_post_title":"","_kad_post_layout":"","_kad_post_sidebar_id":"","_kad_post_content_style":"","_kad_post_vertical_padding":"","_kad_post_feature":"","_kad_post_feature_position":"","_kad_post_header":false,"_kad_post_footer":false,"_kad_post_classname":"","footnotes":""},"categories":[204],"tags":[],"class_list":["post-44347","post","type-post","status-publish","format-standard","has-post-thumbnail","hentry","category-sin-categorizar"],"acf":[],"taxonomy_info":{"category":[{"value":204,"label":"Sin categorizar"}]},"featured_image_src_large":["https:\/\/www.geoparcorigens.cat\/wp-content\/uploads\/WhatsApp-Image-2026-01-21-at-15.04.27-768x1024.jpeg",768,1024,true],"author_info":{"display_name":"Geoparc mundial UNESCO Or\u00edgens","author_link":"https:\/\/www.geoparcorigens.cat\/es\/author\/moon\/"},"comment_info":0,"category_info":[{"term_id":204,"name":"Sin categorizar","slug":"sin-categorizar","term_group":0,"term_taxonomy_id":204,"taxonomy":"category","description":"","parent":0,"count":2,"filter":"raw","cat_ID":204,"category_count":2,"category_description":"","cat_name":"Sin categorizar","category_nicename":"sin-categorizar","category_parent":0}],"tag_info":false,"_links":{"self":[{"href":"https:\/\/www.geoparcorigens.cat\/es\/wp-json\/wp\/v2\/posts\/44347","targetHints":{"allow":["GET"]}}],"collection":[{"href":"https:\/\/www.geoparcorigens.cat\/es\/wp-json\/wp\/v2\/posts"}],"about":[{"href":"https:\/\/www.geoparcorigens.cat\/es\/wp-json\/wp\/v2\/types\/post"}],"author":[{"embeddable":true,"href":"https:\/\/www.geoparcorigens.cat\/es\/wp-json\/wp\/v2\/users\/2"}],"replies":[{"embeddable":true,"href":"https:\/\/www.geoparcorigens.cat\/es\/wp-json\/wp\/v2\/comments?post=44347"}],"version-history":[{"count":0,"href":"https:\/\/www.geoparcorigens.cat\/es\/wp-json\/wp\/v2\/posts\/44347\/revisions"}],"wp:featuredmedia":[{"embeddable":true,"href":"https:\/\/www.geoparcorigens.cat\/es\/wp-json\/wp\/v2\/media\/44343"}],"wp:attachment":[{"href":"https:\/\/www.geoparcorigens.cat\/es\/wp-json\/wp\/v2\/media?parent=44347"}],"wp:term":[{"taxonomy":"category","embeddable":true,"href":"https:\/\/www.geoparcorigens.cat\/es\/wp-json\/wp\/v2\/categories?post=44347"},{"taxonomy":"post_tag","embeddable":true,"href":"https:\/\/www.geoparcorigens.cat\/es\/wp-json\/wp\/v2\/tags?post=44347"}],"curies":[{"name":"wp","href":"https:\/\/api.w.org\/{rel}","templated":true}]}}