{"id":40284,"date":"2025-05-07T13:10:52","date_gmt":"2025-05-07T11:10:52","guid":{"rendered":"https:\/\/www.geoparcorigens.cat\/viu-la-ix-setmana-dels-geoparcs-europeus-amb-el-geoparc-mundial-unesco-origens\/"},"modified":"2025-05-13T14:34:06","modified_gmt":"2025-05-13T12:34:06","slug":"viu-la-ix-setmana-dels-geoparcs-europeus-amb-el-geoparc-mundial-unesco-origens","status":"publish","type":"post","link":"https:\/\/www.geoparcorigens.cat\/fr\/viu-la-ix-setmana-dels-geoparcs-europeus-amb-el-geoparc-mundial-unesco-origens\/","title":{"rendered":"Vivez la IXe Semaine des G\u00e9oparcs Europ\u00e9ens avec le G\u00e9oparc Mondial UNESCO Or\u00edgens !"},"content":{"rendered":"\n<div class=\"wp-block-columns is-layout-flex wp-container-core-columns-is-layout-9d6595d7 wp-block-columns-is-layout-flex\">\n<div class=\"wp-block-column is-vertically-aligned-center is-layout-flow wp-block-column-is-layout-flow\" style=\"flex-basis:66.66%\">\n<p>Participez aux activit\u00e9s de cette semaine th\u00e9matique d\u00e9di\u00e9e \u00e0 la d\u00e9couverte et \u00e0 la valorisation des patrimoines du G\u00e9oparc.<\/p>\n\n\n\n<p>En 2025, le G\u00e9oparc Or\u00edgens vous propose un programme d\u2019activit\u00e9s gratuites autour du changement climatique, avec des conf\u00e9rences, des sorties sur le terrain, des ateliers et des activit\u00e9s pour tous les \u00e2ges.<\/p>\n<\/div>\n\n\n\n<div class=\"wp-block-column is-layout-flow wp-block-column-is-layout-flow\" style=\"flex-basis:33.33%\">\n<figure class=\"wp-block-image size-large\"><img decoding=\"async\" src=\"https:\/\/www.geoparcorigens.cat\/wp-content\/uploads\/Programa-A4-724x1024.jpg\" alt=\"Cartell EGN Week 2025\" class=\"wp-image-40278\"\/><\/figure>\n<\/div>\n<\/div>\n\n\n\n<p class=\"has-theme-palette-1-color has-text-color has-link-color wp-elements-dcc77c343ba79c001b01931c82e12da6\">VENDREDI 23 MAI<\/p>\n\n\n\n<ul class=\"wp-block-list\">\n<li><strong>Battement vert : Les oliviers et le d\u00e9fi climatique<\/strong> &#8211; Conf\u00e9rence au moulin \u00e0 huile d\u2019Aramunt &#8211; <a href=\"https:\/\/www.geoparcorigens.cat\/fr\/agenda\/setmana-dels-geoparcs-europeus-batec-verd-oliveres-i-el-repte-climatic\/\">Plus de d\u00e9tails<\/a><\/li>\n<\/ul>\n\n\n\n<p class=\"has-theme-palette-1-color has-text-color has-link-color wp-elements-7cf9d1beb1ed26cb279b01274a32e67a\">SAMEDI 24 MAI<\/p>\n\n\n\n<ul class=\"wp-block-list\">\n<li><strong>Le grand voyage : Oiseaux migrateurs et changement climatique<\/strong> &#8211; Sortie guid\u00e9e \u00e0 Sant Lloren\u00e7 de Montgai. &#8211; <a href=\"https:\/\/www.geoparcorigens.cat\/fr\/agenda\/setmana-dels-geoparcs-europeus-el-gran-viatge-aus-migratories-i-canvi-climatic\/\"><a href=\"https:\/\/www.geoparcorigens.cat\/fr\/agenda\/setmana-dels-geoparcs-europeus-que-en-sabem-dels-canvis-climatics-a-lepoca-dels-dinosaures\/\">Plus de d\u00e9tails<\/a><\/a><\/li>\n\n\n\n<li><strong>Climat et n\u00e9andertaliens : Les d\u00e9fis de la pr\u00e9histoire<\/strong> &#8211; Conf\u00e9rence et visite \u00e0 Roca dels Bous. &#8211; <a href=\"https:\/\/www.geoparcorigens.cat\/fr\/agenda\/setmana-dels-geoparcs-europeus-clima-i-neandertals-els-reptes-de-la-prehistoria\/\"><a href=\"https:\/\/www.geoparcorigens.cat\/fr\/agenda\/setmana-dels-geoparcs-europeus-que-en-sabem-dels-canvis-climatics-a-lepoca-dels-dinosaures\/\">Plus de d\u00e9tails<\/a><\/a><\/li>\n<\/ul>\n\n\n\n<p class=\"has-theme-palette-1-color has-text-color has-link-color wp-elements-3135641e5e6298929d861635012d25d8\">VENDREDI 30 MAI<\/p>\n\n\n\n<ul class=\"wp-block-list\">\n<li><strong>L\u2019heure du conte : \u201cLe R\u00e9fugi\u00e9\u201d de Maria Barbal<\/strong> &#8211; Activit\u00e9 pour enfants \u00e0 la Biblioth\u00e8que Publique Maria Barbal, Tremp. &#8211; <a href=\"https:\/\/www.geoparcorigens.cat\/fr\/agenda\/setmana-dels-geoparcs-europeus-lhora-del-conte-el-refugiat\/\"><a href=\"https:\/\/www.geoparcorigens.cat\/fr\/agenda\/setmana-dels-geoparcs-europeus-que-en-sabem-dels-canvis-climatics-a-lepoca-dels-dinosaures\/\">Plus de d\u00e9tails<\/a><\/a><\/li>\n\n\n\n<li><strong>Le tr\u00e9sor invisible : L\u2019aquif\u00e8re Areny-Montsec et l\u2019avenir de l\u2019eau<\/strong> &#8211; Conf\u00e9rence au centre social de Basturs. &#8211; <a href=\"https:\/\/www.geoparcorigens.cat\/fr\/agenda\/setmana-dels-geoparcs-europeus-el-tresor-invisible-laquifer-areny-montseci-el-futur-de-laigua\/\"><a href=\"https:\/\/www.geoparcorigens.cat\/fr\/agenda\/setmana-dels-geoparcs-europeus-que-en-sabem-dels-canvis-climatics-a-lepoca-dels-dinosaures\/\">Plus de d\u00e9tails<\/a><\/a><\/li>\n<\/ul>\n\n\n\n<p class=\"has-theme-palette-1-color has-text-color has-link-color wp-elements-9d24a4426bbccd42811d68f954e1abc8\">SAMEDI 31 MAI<\/p>\n\n\n\n<ul class=\"wp-block-list\">\n<li><strong><em>GEOPARQUEANDO : Histoire et changements sur 150 millions d\u2019ann\u00e9es<\/em>.<\/strong> &#8211; Sortie guid\u00e9e \u00e0 Vilanova de Mei\u00e0. &#8211; <a href=\"https:\/\/www.geoparcorigens.cat\/fr\/agenda\/setmana-dels-geoparcs-europeus-geoparqueando-a-vilanova-de-meia-historia-i-canvis-de-150-milions-danys\/\"><a href=\"https:\/\/www.geoparcorigens.cat\/fr\/agenda\/setmana-dels-geoparcs-europeus-que-en-sabem-dels-canvis-climatics-a-lepoca-dels-dinosaures\/\">Plus de d\u00e9tails<\/a><\/a><\/li>\n\n\n\n<li><strong>Le Gardien du temps : Gen\u00e9vrier de Tuberic<\/strong> &#8211; Sortie guid\u00e9e \u00e0 Castell de Mur. &#8211; <a href=\"https:\/\/www.geoparcorigens.cat\/fr\/agenda\/setmana-dels-geoparcs-europeus-el-guardia-del-temps-el-ginebre-del-tuberic\/\"><a href=\"https:\/\/www.geoparcorigens.cat\/fr\/agenda\/setmana-dels-geoparcs-europeus-que-en-sabem-dels-canvis-climatics-a-lepoca-dels-dinosaures\/\">Plus de d\u00e9tails<\/a><\/a><\/li>\n<\/ul>\n\n\n\n<p class=\"has-theme-palette-1-color has-text-color has-link-color wp-elements-e7902b1d5334c17873457b76844961b2\">DIMANCHE 1er JUIN<\/p>\n\n\n\n<ul class=\"wp-block-list\">\n<li><strong>La route des lacs : Paysages en mouvement <\/strong>&#8211; Balade \u00e0 v\u00e9lo avec interpr\u00e9tation g\u00e9ologique sur la Route des Lacs. &#8211; <a href=\"https:\/\/www.geoparcorigens.cat\/fr\/agenda\/setmana-dels-geoparcs-europeus-la-ruta-dels-llacspaisatges-en-moviment\/\"><a href=\"https:\/\/www.geoparcorigens.cat\/fr\/agenda\/setmana-dels-geoparcs-europeus-que-en-sabem-dels-canvis-climatics-a-lepoca-dels-dinosaures\/\">Plus de d\u00e9tails<\/a><\/a><\/li>\n<\/ul>\n\n\n\n<p class=\"has-theme-palette-1-color has-text-color has-link-color wp-elements-2669c86fe44474f18f51c9a19d26ebf7\">JEUDI 5 JUIN<\/p>\n\n\n\n<ul class=\"wp-block-list\">\n<li><strong>Un refuge pour les amphibiens : aidez-nous \u00e0 le cr\u00e9er.<\/strong> &#8211; Activit\u00e9 de b\u00e9n\u00e9volat environnemental \u00e0 la micro-r\u00e9serve de Salvatgines, Sal\u00e0s de Pallars. &#8211; <a href=\"https:\/\/www.geoparcorigens.cat\/fr\/agenda\/un-refugi-per-als-amfibis-ajudans-a-crear-lo\/\"><a href=\"https:\/\/www.geoparcorigens.cat\/fr\/agenda\/setmana-dels-geoparcs-europeus-que-en-sabem-dels-canvis-climatics-a-lepoca-dels-dinosaures\/\">Plus de d\u00e9tails<\/a><\/a><\/li>\n<\/ul>\n\n\n\n<p class=\"has-theme-palette-1-color has-text-color has-link-color wp-elements-c22754ef992cb1ab49559355308a3d54\">VENDREDI 6 JUIN<\/p>\n\n\n\n<ul class=\"wp-block-list\">\n<li><strong>Vins avec une \u00e2me : Agriculture r\u00e9g\u00e9n\u00e9rative<\/strong> &#8211; Conf\u00e9rence et visite des vignes de Sauvella, Orcau. &#8211; <a href=\"https:\/\/www.geoparcorigens.cat\/fr\/agenda\/sortida-interpretada\/\"><a href=\"https:\/\/www.geoparcorigens.cat\/fr\/agenda\/setmana-dels-geoparcs-europeus-que-en-sabem-dels-canvis-climatics-a-lepoca-dels-dinosaures\/\">Plus de d\u00e9tails<\/a><\/a><\/li>\n<\/ul>\n\n\n\n<p class=\"has-theme-palette-1-color has-text-color has-link-color wp-elements-113b760594efd3b5b4e06978c698eed7\">SAMEDI 7 JUIN<\/p>\n\n\n\n<ul class=\"wp-block-list\">\n<li><strong>Saint Pierre et le Serpent : Histoires entre falaises<\/strong> &#8211; Sortie guid\u00e9e dans les gorges de Collegats. &#8211; <a href=\"https:\/\/www.geoparcorigens.cat\/fr\/agenda\/setmana-dels-geoparcs-europeus-sant-pere-i-la-serpent-histories-entre-cingles\/\"><a href=\"https:\/\/www.geoparcorigens.cat\/fr\/agenda\/setmana-dels-geoparcs-europeus-que-en-sabem-dels-canvis-climatics-a-lepoca-dels-dinosaures\/\">Plus de d\u00e9tails<\/a><\/a><\/li>\n<\/ul>\n\n\n\n<p class=\"has-theme-palette-1-color has-text-color has-link-color wp-elements-eb44640b88ef64e8d2f62fddbeb251a7\">DIMANCHE 8 JUIN<\/p>\n\n\n\n<ul class=\"wp-block-list\">\n<li><strong>Cultiver le futur : Graines d\u2019opportunit\u00e9s en temps de changement<\/strong> &#8211; Conf\u00e9rence aux Jardins Comestibles de Senterada &#8211; <a href=\"https:\/\/www.geoparcorigens.cat\/fr\/agenda\/setmana-dels-geoparcs-europeus-cultivant-el-futur-llavors-doportunitats-en-temps-de-canvi\/\"><a href=\"https:\/\/www.geoparcorigens.cat\/fr\/agenda\/setmana-dels-geoparcs-europeus-que-en-sabem-dels-canvis-climatics-a-lepoca-dels-dinosaures\/\">Plus de d\u00e9tails<\/a><\/a><\/li>\n\n\n\n<li><strong>Que savons-nous des changements climatiques \u00e0 l\u2019\u00e9poque des dinosaures ?<\/strong> &#8211; Conf\u00e9rence et visite \u00e0 Dinosfera pour c\u00e9l\u00e9brer les 10 ans du mus\u00e9e (Coll de Narg\u00f3) &#8211;<a href=\"https:\/\/www.geoparcorigens.cat\/fr\/agenda\/setmana-dels-geoparcs-europeus-que-en-sabem-dels-canvis-climatics-a-lepoca-dels-dinosaures\/\"> Plus de d\u00e9tails<\/a><\/li>\n<\/ul>\n\n\n\n<p>*Les conf\u00e9rences et explications seront en catalan ou, occasionnellement, en espagnol.<\/p>\n\n\n\n<p>T\u00e9l\u00e9chargez le <a href=\"https:\/\/drive.google.com\/file\/d\/1J9vxmMieEAHMEBXIDR1PeTWg9CPGxWVF\/view\">programme<\/a> (*document en catalan) ou inscrivez-vous aux activit\u00e9s ici: \u00a0<a href=\"https:\/\/ja.cat\/aZlQF\">https:\/\/ja.cat\/aZlQF<\/a><\/p>\n","protected":false},"excerpt":{"rendered":"<p>Participez aux activit\u00e9s de cette semaine th\u00e9matique d\u00e9di\u00e9e \u00e0 la d\u00e9couverte et \u00e0 la valorisation des patrimoines du G\u00e9oparc. En 2025, le G\u00e9oparc Or\u00edgens vous propose un programme d\u2019activit\u00e9s gratuites autour du changement climatique, avec des conf\u00e9rences, des sorties sur le terrain, des ateliers et des activit\u00e9s pour tous les \u00e2ges. VENDREDI 23 MAI SAMEDI&#8230;<\/p>\n","protected":false},"author":2,"featured_media":40280,"comment_status":"open","ping_status":"open","sticky":false,"template":"","format":"standard","meta":{"_acf_changed":false,"_kad_blocks_custom_css":"","_kad_blocks_head_custom_js":"","_kad_blocks_body_custom_js":"","_kad_blocks_footer_custom_js":"","_kad_post_transparent":"","_kad_post_title":"","_kad_post_layout":"","_kad_post_sidebar_id":"","_kad_post_content_style":"","_kad_post_vertical_padding":"","_kad_post_feature":"","_kad_post_feature_position":"","_kad_post_header":false,"_kad_post_footer":false,"_kad_post_classname":"","footnotes":""},"categories":[247,250],"tags":[268,277,761,811,785],"class_list":["post-40284","post","type-post","status-publish","format-standard","has-post-thumbnail","hentry","category-education-et-vulgarisation","category-gestion-du-geoparc-et-travail-en-reseau","tag-collaborations-fr","tag-culture-fr","tag-voluntariat-fr","tag-xarxa-espanyola-de-geoparcs-mundials-fr","tag-xarxa-europea-de-geoparcs-fr"],"acf":[],"taxonomy_info":{"category":[{"value":247,"label":"\u00c9ducation et vulgarisation"},{"value":250,"label":"Gestion du G\u00e9oparc et travail en r\u00e9seau"}],"post_tag":[{"value":268,"label":"Collaborations"},{"value":277,"label":"Culture"},{"value":761,"label":"Voluntariat"},{"value":811,"label":"Xarxa espanyola de Geoparcs Mundials"},{"value":785,"label":"Xarxa Europea de Geoparcs"}]},"featured_image_src_large":["https:\/\/www.geoparcorigens.cat\/wp-content\/uploads\/Programa-A4-724x1024.jpg",724,1024,true],"author_info":{"display_name":"Geoparc mundial UNESCO Or\u00edgens","author_link":"https:\/\/www.geoparcorigens.cat\/fr\/author\/moon\/"},"comment_info":0,"category_info":[{"term_id":247,"name":"\u00c9ducation et vulgarisation","slug":"education-et-vulgarisation","term_group":0,"term_taxonomy_id":247,"taxonomy":"category","description":"","parent":0,"count":6,"filter":"raw","cat_ID":247,"category_count":6,"category_description":"","cat_name":"\u00c9ducation et vulgarisation","category_nicename":"education-et-vulgarisation","category_parent":0},{"term_id":250,"name":"Gestion du G\u00e9oparc et travail en r\u00e9seau","slug":"gestion-du-geoparc-et-travail-en-reseau","term_group":0,"term_taxonomy_id":250,"taxonomy":"category","description":"","parent":0,"count":5,"filter":"raw","cat_ID":250,"category_count":5,"category_description":"","cat_name":"Gestion du G\u00e9oparc et travail en r\u00e9seau","category_nicename":"gestion-du-geoparc-et-travail-en-reseau","category_parent":0}],"tag_info":[{"term_id":268,"name":"Collaborations","slug":"collaborations-fr","term_group":0,"term_taxonomy_id":268,"taxonomy":"post_tag","description":"","parent":0,"count":4,"filter":"raw"},{"term_id":277,"name":"Culture","slug":"culture-fr","term_group":0,"term_taxonomy_id":277,"taxonomy":"post_tag","description":"","parent":0,"count":2,"filter":"raw"},{"term_id":761,"name":"Voluntariat","slug":"voluntariat-fr","term_group":0,"term_taxonomy_id":761,"taxonomy":"post_tag","description":"","parent":0,"count":3,"filter":"raw"},{"term_id":811,"name":"Xarxa espanyola de Geoparcs Mundials","slug":"xarxa-espanyola-de-geoparcs-mundials-fr","term_group":0,"term_taxonomy_id":811,"taxonomy":"post_tag","description":"","parent":0,"count":3,"filter":"raw"},{"term_id":785,"name":"Xarxa Europea de Geoparcs","slug":"xarxa-europea-de-geoparcs-fr","term_group":0,"term_taxonomy_id":785,"taxonomy":"post_tag","description":"","parent":0,"count":14,"filter":"raw"}],"_links":{"self":[{"href":"https:\/\/www.geoparcorigens.cat\/fr\/wp-json\/wp\/v2\/posts\/40284","targetHints":{"allow":["GET"]}}],"collection":[{"href":"https:\/\/www.geoparcorigens.cat\/fr\/wp-json\/wp\/v2\/posts"}],"about":[{"href":"https:\/\/www.geoparcorigens.cat\/fr\/wp-json\/wp\/v2\/types\/post"}],"author":[{"embeddable":true,"href":"https:\/\/www.geoparcorigens.cat\/fr\/wp-json\/wp\/v2\/users\/2"}],"replies":[{"embeddable":true,"href":"https:\/\/www.geoparcorigens.cat\/fr\/wp-json\/wp\/v2\/comments?post=40284"}],"version-history":[{"count":0,"href":"https:\/\/www.geoparcorigens.cat\/fr\/wp-json\/wp\/v2\/posts\/40284\/revisions"}],"wp:featuredmedia":[{"embeddable":true,"href":"https:\/\/www.geoparcorigens.cat\/fr\/wp-json\/wp\/v2\/media\/40280"}],"wp:attachment":[{"href":"https:\/\/www.geoparcorigens.cat\/fr\/wp-json\/wp\/v2\/media?parent=40284"}],"wp:term":[{"taxonomy":"category","embeddable":true,"href":"https:\/\/www.geoparcorigens.cat\/fr\/wp-json\/wp\/v2\/categories?post=40284"},{"taxonomy":"post_tag","embeddable":true,"href":"https:\/\/www.geoparcorigens.cat\/fr\/wp-json\/wp\/v2\/tags?post=40284"}],"curies":[{"name":"wp","href":"https:\/\/api.w.org\/{rel}","templated":true}]}}