{"id":40561,"date":"2025-06-11T14:09:25","date_gmt":"2025-06-11T12:09:25","guid":{"rendered":"https:\/\/www.geoparcorigens.cat\/la-visita-de-revalidacio-dels-avaluadors-de-la-unesco-al-geoparc-origens-finalitza-amb-bones-sensacions\/"},"modified":"2025-06-16T10:00:26","modified_gmt":"2025-06-16T08:00:26","slug":"la-visita-de-revalidacio-dels-avaluadors-de-la-unesco-al-geoparc-origens-finalitza-amb-bones-sensacions","status":"publish","type":"post","link":"https:\/\/www.geoparcorigens.cat\/fr\/la-visita-de-revalidacio-dels-avaluadors-de-la-unesco-al-geoparc-origens-finalitza-amb-bones-sensacions\/","title":{"rendered":"La visite de r\u00e9\u00e9valuation des \u00e9valuateurs de l\u2019UNESCO au Geoparc Or\u00edgens s\u2019est termin\u00e9e sur une note positive"},"content":{"rendered":"\n<ul class=\"wp-block-list\">\n<li><strong>Le Geoparc Or\u00edgens a re\u00e7u la visite de deux \u00e9valuateurs de l\u2019UNESCO, qui ont pass\u00e9 cinq jours \u00e0 \u00e9valuer les progr\u00e8s r\u00e9alis\u00e9s au cours des derni\u00e8res ann\u00e9es.<\/strong><\/li>\n\n\n\n<li><strong>Le label de G\u00e9oparc mondial de l\u2019UNESCO exige une proc\u00e9dure de r\u00e9\u00e9valuation tous les quatre ans, afin de garantir que le territoire continue de r\u00e9pondre aux crit\u00e8res de qualit\u00e9 requis.<\/strong><\/li>\n<\/ul>\n\n\n\n<p>Les G\u00e9oparcs mondiaux de l\u2019UNESCO sont des territoires d\u2019excellence qui, afin de maintenir leur statut, doivent se soumettre \u00e0 un processus de r\u00e9\u00e9valuation tous les quatre ans. Ce processus permet d\u2019\u00e9valuer sur place le respect des objectifs et des valeurs propres aux G\u00e9oparcs, ainsi que le degr\u00e9 de mise en \u0153uvre du Plan directeur et la mani\u00e8re dont ont \u00e9t\u00e9 abord\u00e9es les recommandations formul\u00e9es lors de la pr\u00e9c\u00e9dente r\u00e9\u00e9valuation. Il s\u2019agit donc d\u2019une opportunit\u00e9 d\u2019am\u00e9lioration continue et d\u2019un stimulant pour le territoire afin de poursuivre sa progression vers un mod\u00e8le de d\u00e9veloppement durable au service de la population locale.<\/p>\n\n\n\n<p>Le Geoparc Or\u00edgens a men\u00e9 son deuxi\u00e8me processus de r\u00e9\u00e9valuation depuis qu\u2019il a obtenu, en 2018, la d\u00e9signation de G\u00e9oparc mondial de l\u2019UNESCO. En 2021, il a r\u00e9ussi sa premi\u00e8re r\u00e9\u00e9valuation, obtenant une carte verte. Cette reconnaissance s\u2019est toutefois accompagn\u00e9e d\u2019un ensemble de recommandations auxquelles il convenait de r\u00e9pondre au cours de la p\u00e9riode suivante.<\/p>\n\n\n<style>.kadence-column40561_525c11-1c > .kt-inside-inner-col,.kadence-column40561_525c11-1c > .kt-inside-inner-col:before{border-top-left-radius:0px;border-top-right-radius:0px;border-bottom-right-radius:0px;border-bottom-left-radius:0px;}.kadence-column40561_525c11-1c > .kt-inside-inner-col{column-gap:var(--global-kb-gap-sm, 1rem);}.kadence-column40561_525c11-1c > .kt-inside-inner-col{flex-direction:column;}.kadence-column40561_525c11-1c > .kt-inside-inner-col > .aligncenter{width:100%;}.kadence-column40561_525c11-1c > .kt-inside-inner-col:before{opacity:0.3;}.kadence-column40561_525c11-1c{position:relative;}@media all and (max-width: 1024px){.kadence-column40561_525c11-1c > .kt-inside-inner-col{flex-direction:column;justify-content:center;}}@media all and (max-width: 767px){.kadence-column40561_525c11-1c > .kt-inside-inner-col{flex-direction:column;justify-content:center;}}<\/style>\n<div class=\"wp-block-kadence-column kadence-column40561_525c11-1c\"><div class=\"kt-inside-inner-col\">\n<figure class=\"wp-block-image size-large\"><img loading=\"lazy\" decoding=\"async\" width=\"1024\" height=\"768\" src=\"https:\/\/www.geoparcorigens.cat\/wp-content\/uploads\/Trobada-Enitats-collaboradores-del-Geoparc-a-CSTP-ICGC-@geoparcorigens_reduc-3-1024x768.jpg\" alt=\"\" class=\"wp-image-40547\" srcset=\"https:\/\/www.geoparcorigens.cat\/wp-content\/uploads\/Trobada-Enitats-collaboradores-del-Geoparc-a-CSTP-ICGC-@geoparcorigens_reduc-3-1024x768.jpg 1024w, https:\/\/www.geoparcorigens.cat\/wp-content\/uploads\/Trobada-Enitats-collaboradores-del-Geoparc-a-CSTP-ICGC-@geoparcorigens_reduc-3-300x225.jpg 300w, https:\/\/www.geoparcorigens.cat\/wp-content\/uploads\/Trobada-Enitats-collaboradores-del-Geoparc-a-CSTP-ICGC-@geoparcorigens_reduc-3-768x576.jpg 768w, https:\/\/www.geoparcorigens.cat\/wp-content\/uploads\/Trobada-Enitats-collaboradores-del-Geoparc-a-CSTP-ICGC-@geoparcorigens_reduc-3.jpg 1500w\" sizes=\"auto, (max-width: 1024px) 100vw, 1024px\" \/><figcaption class=\"wp-element-caption\">Rencontre avec une d\u00e9l\u00e9gation d\u2019entit\u00e9s partenaires du Geoparc Or\u00edgens au Centre de soutien territorial Pyr\u00e9n\u00e9es (CSTP) de l\u2019ICGC \u00e0 Tremp.<\/figcaption><\/figure>\n<\/div><\/div>\n\n\n\n<p>Le Geoparc Or\u00edgens avait d\u00e9j\u00e0 transmis plusieurs documents \u00e0 l\u2019UNESCO afin d\u2019entamer le processus de r\u00e9\u00e9valuation. Apr\u00e8s un certain temps, l\u2019UNESCO a d\u00e9sign\u00e9 deux \u00e9valuateurs pour effectuer une mission de terrain visant \u00e0 v\u00e9rifier, sur le territoire et sur la base de preuves concr\u00e8tes, les progr\u00e8s r\u00e9alis\u00e9s durant la p\u00e9riode 2021-2024. La r\u00e9\u00e9valuation du Geoparc Or\u00edgens s\u2019est d\u00e9roul\u00e9e du 2 au 6 juin, comprenant trois jours de terrain et deux jours de r\u00e9unions de bureau. Au total, 45 visites et entretiens ont \u00e9t\u00e9 men\u00e9s avec 120 acteurs locaux. Lors de la r\u00e9union de cl\u00f4ture du cinqui\u00e8me jour, les \u00e9valuateurs ont rencontr\u00e9 l\u2019\u00e9quipe technique du Geoparc pour partager leurs impressions sur le processus. Ils ont exprim\u00e9 des avis tr\u00e8s positifs et favorables concernant les diff\u00e9rentes actions et projets en cours sur le territoire dans les domaines de la conservation, la recherche, l\u2019\u00e9ducation et la sensibilisation, le d\u00e9veloppement durable ainsi que la coop\u00e9ration locale, nationale et internationale.<\/p>\n\n\n\n<p>Les \u00e9valuateurs r\u00e9digeront d\u00e9sormais un rapport qui sera examin\u00e9 par le Conseil des G\u00e9oparcs mondiaux de l\u2019UNESCO lors de sa r\u00e9union annuelle, qui se tiendra cette ann\u00e9e au G\u00e9oparc K\u00fctralkura (Chili). Le r\u00e9sultat sera probablement connu en octobre 2025, mais la d\u00e9cision officielle, accompagn\u00e9e des recommandations formelles correspondantes, ne sera rendue qu\u2019en mars 2026. Le G\u00e9oparc peut recevoir une carte verte (maintien de la d\u00e9signation), jaune (am\u00e9liorations urgentes) ou rouge (perte de la d\u00e9signation).<\/p>\n\n\n\n<p><\/p>\n","protected":false},"excerpt":{"rendered":"<p>Les G\u00e9oparcs mondiaux de l\u2019UNESCO sont des territoires d\u2019excellence qui, afin de maintenir leur statut, doivent se soumettre \u00e0 un processus de r\u00e9\u00e9valuation tous les quatre ans. Ce processus permet d\u2019\u00e9valuer sur place le respect des objectifs et des valeurs propres aux G\u00e9oparcs, ainsi que le degr\u00e9 de mise en \u0153uvre du Plan directeur et&#8230;<\/p>\n","protected":false},"author":2,"featured_media":40537,"comment_status":"open","ping_status":"open","sticky":false,"template":"","format":"standard","meta":{"_acf_changed":false,"_kad_blocks_custom_css":"","_kad_blocks_head_custom_js":"","_kad_blocks_body_custom_js":"","_kad_blocks_footer_custom_js":"","_kad_post_transparent":"","_kad_post_title":"","_kad_post_layout":"","_kad_post_sidebar_id":"","_kad_post_content_style":"","_kad_post_vertical_padding":"","_kad_post_feature":"","_kad_post_feature_position":"","_kad_post_header":false,"_kad_post_footer":false,"_kad_post_classname":"","footnotes":""},"categories":[250],"tags":[864],"class_list":["post-40561","post","type-post","status-publish","format-standard","has-post-thumbnail","hentry","category-gestion-du-geoparc-et-travail-en-reseau","tag-xarxa-mundial-de-geoparcs-fr"],"acf":[],"taxonomy_info":{"category":[{"value":250,"label":"Gestion du G\u00e9oparc et travail en r\u00e9seau"}],"post_tag":[{"value":864,"label":"Xarxa Mundial de Geoparcs"}]},"featured_image_src_large":["https:\/\/www.geoparcorigens.cat\/wp-content\/uploads\/Anticlinal-dAbella-@geoparcorigens-redu-1-1024x461.jpg",1024,461,true],"author_info":{"display_name":"Geoparc mundial UNESCO Or\u00edgens","author_link":"https:\/\/www.geoparcorigens.cat\/fr\/author\/moon\/"},"comment_info":0,"category_info":[{"term_id":250,"name":"Gestion du G\u00e9oparc et travail en r\u00e9seau","slug":"gestion-du-geoparc-et-travail-en-reseau","term_group":0,"term_taxonomy_id":250,"taxonomy":"category","description":"","parent":0,"count":5,"filter":"raw","cat_ID":250,"category_count":5,"category_description":"","cat_name":"Gestion du G\u00e9oparc et travail en r\u00e9seau","category_nicename":"gestion-du-geoparc-et-travail-en-reseau","category_parent":0}],"tag_info":[{"term_id":864,"name":"Xarxa Mundial de Geoparcs","slug":"xarxa-mundial-de-geoparcs-fr","term_group":0,"term_taxonomy_id":864,"taxonomy":"post_tag","description":"","parent":0,"count":2,"filter":"raw"}],"_links":{"self":[{"href":"https:\/\/www.geoparcorigens.cat\/fr\/wp-json\/wp\/v2\/posts\/40561","targetHints":{"allow":["GET"]}}],"collection":[{"href":"https:\/\/www.geoparcorigens.cat\/fr\/wp-json\/wp\/v2\/posts"}],"about":[{"href":"https:\/\/www.geoparcorigens.cat\/fr\/wp-json\/wp\/v2\/types\/post"}],"author":[{"embeddable":true,"href":"https:\/\/www.geoparcorigens.cat\/fr\/wp-json\/wp\/v2\/users\/2"}],"replies":[{"embeddable":true,"href":"https:\/\/www.geoparcorigens.cat\/fr\/wp-json\/wp\/v2\/comments?post=40561"}],"version-history":[{"count":0,"href":"https:\/\/www.geoparcorigens.cat\/fr\/wp-json\/wp\/v2\/posts\/40561\/revisions"}],"wp:featuredmedia":[{"embeddable":true,"href":"https:\/\/www.geoparcorigens.cat\/fr\/wp-json\/wp\/v2\/media\/40537"}],"wp:attachment":[{"href":"https:\/\/www.geoparcorigens.cat\/fr\/wp-json\/wp\/v2\/media?parent=40561"}],"wp:term":[{"taxonomy":"category","embeddable":true,"href":"https:\/\/www.geoparcorigens.cat\/fr\/wp-json\/wp\/v2\/categories?post=40561"},{"taxonomy":"post_tag","embeddable":true,"href":"https:\/\/www.geoparcorigens.cat\/fr\/wp-json\/wp\/v2\/tags?post=40561"}],"curies":[{"name":"wp","href":"https:\/\/api.w.org\/{rel}","templated":true}]}}