{"id":40584,"date":"2025-06-13T13:59:01","date_gmt":"2025-06-13T11:59:01","guid":{"rendered":"https:\/\/www.geoparcorigens.cat\/el-geoparc-origens-tanca-la-ix-setmana-dels-geoparcs-europeus-amb-quasi-300-participants\/"},"modified":"2025-06-16T10:32:47","modified_gmt":"2025-06-16T08:32:47","slug":"el-geoparc-origens-tanca-la-ix-setmana-dels-geoparcs-europeus-amb-quasi-300-participants","status":"publish","type":"post","link":"https:\/\/www.geoparcorigens.cat\/fr\/el-geoparc-origens-tanca-la-ix-setmana-dels-geoparcs-europeus-amb-quasi-300-participants\/","title":{"rendered":"Le Geoparc Or\u00edgens cl\u00f4t la IXe Semaine des G\u00e9oparcs Europ\u00e9ens avec pr\u00e8s de 300 participants"},"content":{"rendered":"\n<ul class=\"wp-block-list\">\n<li><strong>Treize activit\u00e9s gratuites ont \u00e9t\u00e9 organis\u00e9es pour faire conna\u00eetre le G\u00e9oparc mondial UNESCO Or\u00edgens.<\/strong><\/li>\n\n\n\n<li><strong>Les activit\u00e9s ont \u00e9t\u00e9 plac\u00e9es sous le th\u00e8me du changement climatique.<\/strong><\/li>\n\n\n\n<li><strong>L\u2019\u00e9dition de cette ann\u00e9e a co\u00efncid\u00e9 avec la Journ\u00e9e mondiale de l\u2019environnement et la c\u00e9l\u00e9bration du dixi\u00e8me anniversaire de Dinosfera.<\/strong><\/li>\n<\/ul>\n\n\n\n<p>La Semaine des G\u00e9oparcs Europ\u00e9ens est un festival qui se tient chaque ann\u00e9e et simultan\u00e9ment dans toute l\u2019Europe. Son objectif est de sensibiliser \u00e0 la g\u00e9oconservation et de promouvoir le patrimoine g\u00e9ologique en organisant des activit\u00e9s g\u00e9otouristiques, de pr\u00e9servation de l\u2019environnement et \u00e9ducatives dans les diff\u00e9rents G\u00e9oparcs.<\/p>\n\n\n\n<p>Cette ann\u00e9e, le Geoparc Or\u00edgens a c\u00e9l\u00e9br\u00e9 la neuvi\u00e8me \u00e9dition de ce festival du 23 mai au 8 juin. Au cours de ces journ\u00e9es, treize activit\u00e9s gratuites ont \u00e9t\u00e9 propos\u00e9es afin de faire conna\u00eetre le Geoparc Or\u00edgens et son patrimoine. Pr\u00e8s de 300 participants ont pu profiter de conf\u00e9rences techniques, de sorties interpr\u00e9t\u00e9es, d\u2019activit\u00e9s de pr\u00e9servation des valeurs naturelles et culturelles, d\u2019activit\u00e9s familiales et pour enfants, d\u2019ateliers dans les \u00e9coles et lyc\u00e9es, ainsi que de visites guid\u00e9es d\u2019expositions.<\/p>\n\n\n\n<p>Sous le th\u00e8me du changement climatique, l\u2019\u00e9dition de cette ann\u00e9e a propos\u00e9 diverses activit\u00e9s invitant les participants \u00e0 r\u00e9fl\u00e9chir \u00e0 la crise climatique actuelle et \u00e0 la mani\u00e8re dont la g\u00e9ologie nous aide \u00e0 comprendre le pass\u00e9 pour mieux envisager l\u2019avenir. Des conf\u00e9rences et des visites guid\u00e9es ont \u00e9t\u00e9 organis\u00e9es autour du d\u00e9fi climatique \u00e0 la Pr\u00e9histoire, \u00e0 l\u2019Espai Or\u00edgens et \u00e0 la Roca dels Bous (Camarasa), avec pr\u00e8s de 30 participants.<\/p>\n\n\n\n<p>En outre, une cinquantaine de personnes ont assist\u00e9 \u00e0 diff\u00e9rentes conf\u00e9rences et sorties interpr\u00e9tatives portant sur les effets du changement climatique sur la migration des oiseaux (Camarasa), la disponibilit\u00e9 de l\u2019eau (aquif\u00e8re Areny-Montsec, Basturs) et les arbres monumentaux (Castell de Mur).<\/p>\n\n\n\n<p>D\u2019autre part, certains participants ont pu d\u00e9couvrir la g\u00e9ologie, la nature, l\u2019histoire et le paysage lors d\u2019un parcours \u00e0 travers les gorges de Collegats jusqu\u2019au monast\u00e8re troglodytique de Sant Pere de les Maleses.<\/p>\n\n\n\n<p>On peut \u00e9galement souligner deux conf\u00e9rences accompagn\u00e9es de visites de terrain, qui ont r\u00e9uni plus de quarante participants, centr\u00e9es sur les effets du changement climatique sur la culture des oliviers (Aramunt) et des vignes (Orcau) du territoire.<\/p>\n\n\n\n<figure class=\"wp-block-image size-large\"><img loading=\"lazy\" decoding=\"async\" width=\"768\" height=\"1024\" src=\"https:\/\/www.geoparcorigens.cat\/wp-content\/uploads\/Visita-a-les-vinyes-de-Sauvella-entitat-collaboradora-per-coneixer-el-seu-projecte-dagricultura-regenerativa-768x1024.jpg\" alt=\"\" class=\"wp-image-40570\" srcset=\"https:\/\/www.geoparcorigens.cat\/wp-content\/uploads\/Visita-a-les-vinyes-de-Sauvella-entitat-collaboradora-per-coneixer-el-seu-projecte-dagricultura-regenerativa-768x1024.jpg 768w, https:\/\/www.geoparcorigens.cat\/wp-content\/uploads\/Visita-a-les-vinyes-de-Sauvella-entitat-collaboradora-per-coneixer-el-seu-projecte-dagricultura-regenerativa-225x300.jpg 225w, https:\/\/www.geoparcorigens.cat\/wp-content\/uploads\/Visita-a-les-vinyes-de-Sauvella-entitat-collaboradora-per-coneixer-el-seu-projecte-dagricultura-regenerativa-300x400.jpg 300w, https:\/\/www.geoparcorigens.cat\/wp-content\/uploads\/Visita-a-les-vinyes-de-Sauvella-entitat-collaboradora-per-coneixer-el-seu-projecte-dagricultura-regenerativa.jpg 900w\" sizes=\"auto, (max-width: 768px) 100vw, 768px\" \/><figcaption class=\"wp-element-caption\">Visite des vignobles de Sauvella, entit\u00e9 partenaire, pour d\u00e9couvrir son projet d\u2019agriculture r\u00e9g\u00e9n\u00e9ratrice.<\/figcaption><\/figure>\n\n\n\n<p>La c\u00e9l\u00e9bration de cette ann\u00e9e a \u00e9galement permis de comm\u00e9morer deux dates sp\u00e9ciales. D\u2019une part, \u00e0 l\u2019occasion de la Journ\u00e9e mondiale de l\u2019environnement (le 5 juin), une reforestation d\u2019une mare pour amphibiens a \u00e9t\u00e9 r\u00e9alis\u00e9e \u00e0 Sal\u00e0s de Pallars. D\u2019autre part, le 8 juin, la Dinosfera (Coll de Narg\u00f3) a c\u00e9l\u00e9br\u00e9 le dixi\u00e8me anniversaire de l\u2019inauguration du mus\u00e9e. La journ\u00e9e, qui a r\u00e9uni une quarantaine de participants, a propos\u00e9 une conf\u00e9rence sur les changements climatiques \u00e0 l\u2019\u00e9poque des dinosaures, ainsi que d\u2019autres activit\u00e9s de vulgarisation scientifique.<\/p>\n\n\n\n<p>Dans le domaine \u00e9ducatif, la Semaine des G\u00e9oparcs Europ\u00e9ens a inclus une activit\u00e9 scolaire organis\u00e9e \u00e0 l\u2019INS La Pobla de Segur et \u00e0 l\u2019\u00e9cole Andreu Farran \u2013 ZER Montsec (\u00c0ger), o\u00f9 pr\u00e8s de 60 \u00e9l\u00e8ves ont pu en apprendre davantage sur les Objectifs de D\u00e9veloppement Durable, en mettant en pratique leurs connaissances \u00e0 travers la r\u00e9solution de d\u00e9fis.<\/p>\n\n\n\n<p>De plus, les plus petits ont pu participer \u00e0 l\u2019heure du conte <em>Le r\u00e9fugi\u00e9<\/em>, \u00e0 la Biblioth\u00e8que publique Maria Barbal (Tremp).<\/p>\n\n\n\n<p>Enfin, le programme a inclus une activit\u00e9 commune aux programmes de la Semaine des G\u00e9oparcs de tous les G\u00e9oparcs d\u2019Espagne, appel\u00e9e <em>Geoparqueando<\/em>. Dans le cas du Geoparc Or\u00edgens, cette initiative s\u2019est concr\u00e9tis\u00e9e par une sortie interpr\u00e9tative ax\u00e9e sur la g\u00e9ologie, la flore et la faune au Puig de Mei\u00e0.<\/p>\n\n\n\n<p><\/p>\n","protected":false},"excerpt":{"rendered":"<p>La Semaine des G\u00e9oparcs Europ\u00e9ens est un festival qui se tient chaque ann\u00e9e et simultan\u00e9ment dans toute l\u2019Europe. Son objectif est de sensibiliser \u00e0 la g\u00e9oconservation et de promouvoir le patrimoine g\u00e9ologique en organisant des activit\u00e9s g\u00e9otouristiques, de pr\u00e9servation de l\u2019environnement et \u00e9ducatives dans les diff\u00e9rents G\u00e9oparcs. Cette ann\u00e9e, le Geoparc Or\u00edgens a c\u00e9l\u00e9br\u00e9 la&#8230;<\/p>\n","protected":false},"author":2,"featured_media":40568,"comment_status":"open","ping_status":"open","sticky":false,"template":"","format":"standard","meta":{"_acf_changed":false,"_kad_blocks_custom_css":"","_kad_blocks_head_custom_js":"","_kad_blocks_body_custom_js":"","_kad_blocks_footer_custom_js":"","_kad_post_transparent":"","_kad_post_title":"","_kad_post_layout":"","_kad_post_sidebar_id":"","_kad_post_content_style":"","_kad_post_vertical_padding":"","_kad_post_feature":"","_kad_post_feature_position":"","_kad_post_header":false,"_kad_post_footer":false,"_kad_post_classname":"","footnotes":""},"categories":[247,250],"tags":[268,277,761,811,864],"class_list":["post-40584","post","type-post","status-publish","format-standard","has-post-thumbnail","hentry","category-education-et-vulgarisation","category-gestion-du-geoparc-et-travail-en-reseau","tag-collaborations-fr","tag-culture-fr","tag-voluntariat-fr","tag-xarxa-espanyola-de-geoparcs-mundials-fr","tag-xarxa-mundial-de-geoparcs-fr"],"acf":[],"taxonomy_info":{"category":[{"value":247,"label":"\u00c9ducation et vulgarisation"},{"value":250,"label":"Gestion du G\u00e9oparc et travail en r\u00e9seau"}],"post_tag":[{"value":268,"label":"Collaborations"},{"value":277,"label":"Culture"},{"value":761,"label":"Voluntariat"},{"value":811,"label":"Xarxa espanyola de Geoparcs Mundials"},{"value":864,"label":"Xarxa Mundial de Geoparcs"}]},"featured_image_src_large":["https:\/\/www.geoparcorigens.cat\/wp-content\/uploads\/Visita-a-la-Roca-dels-Bous-sobre-el-canvi-climatic-durant-la-prehistoria-1024x461.jpg",1024,461,true],"author_info":{"display_name":"Geoparc mundial UNESCO Or\u00edgens","author_link":"https:\/\/www.geoparcorigens.cat\/fr\/author\/moon\/"},"comment_info":0,"category_info":[{"term_id":247,"name":"\u00c9ducation et vulgarisation","slug":"education-et-vulgarisation","term_group":0,"term_taxonomy_id":247,"taxonomy":"category","description":"","parent":0,"count":6,"filter":"raw","cat_ID":247,"category_count":6,"category_description":"","cat_name":"\u00c9ducation et vulgarisation","category_nicename":"education-et-vulgarisation","category_parent":0},{"term_id":250,"name":"Gestion du G\u00e9oparc et travail en r\u00e9seau","slug":"gestion-du-geoparc-et-travail-en-reseau","term_group":0,"term_taxonomy_id":250,"taxonomy":"category","description":"","parent":0,"count":5,"filter":"raw","cat_ID":250,"category_count":5,"category_description":"","cat_name":"Gestion du G\u00e9oparc et travail en r\u00e9seau","category_nicename":"gestion-du-geoparc-et-travail-en-reseau","category_parent":0}],"tag_info":[{"term_id":268,"name":"Collaborations","slug":"collaborations-fr","term_group":0,"term_taxonomy_id":268,"taxonomy":"post_tag","description":"","parent":0,"count":4,"filter":"raw"},{"term_id":277,"name":"Culture","slug":"culture-fr","term_group":0,"term_taxonomy_id":277,"taxonomy":"post_tag","description":"","parent":0,"count":2,"filter":"raw"},{"term_id":761,"name":"Voluntariat","slug":"voluntariat-fr","term_group":0,"term_taxonomy_id":761,"taxonomy":"post_tag","description":"","parent":0,"count":3,"filter":"raw"},{"term_id":811,"name":"Xarxa espanyola de Geoparcs Mundials","slug":"xarxa-espanyola-de-geoparcs-mundials-fr","term_group":0,"term_taxonomy_id":811,"taxonomy":"post_tag","description":"","parent":0,"count":3,"filter":"raw"},{"term_id":864,"name":"Xarxa Mundial de Geoparcs","slug":"xarxa-mundial-de-geoparcs-fr","term_group":0,"term_taxonomy_id":864,"taxonomy":"post_tag","description":"","parent":0,"count":2,"filter":"raw"}],"_links":{"self":[{"href":"https:\/\/www.geoparcorigens.cat\/fr\/wp-json\/wp\/v2\/posts\/40584","targetHints":{"allow":["GET"]}}],"collection":[{"href":"https:\/\/www.geoparcorigens.cat\/fr\/wp-json\/wp\/v2\/posts"}],"about":[{"href":"https:\/\/www.geoparcorigens.cat\/fr\/wp-json\/wp\/v2\/types\/post"}],"author":[{"embeddable":true,"href":"https:\/\/www.geoparcorigens.cat\/fr\/wp-json\/wp\/v2\/users\/2"}],"replies":[{"embeddable":true,"href":"https:\/\/www.geoparcorigens.cat\/fr\/wp-json\/wp\/v2\/comments?post=40584"}],"version-history":[{"count":0,"href":"https:\/\/www.geoparcorigens.cat\/fr\/wp-json\/wp\/v2\/posts\/40584\/revisions"}],"wp:featuredmedia":[{"embeddable":true,"href":"https:\/\/www.geoparcorigens.cat\/fr\/wp-json\/wp\/v2\/media\/40568"}],"wp:attachment":[{"href":"https:\/\/www.geoparcorigens.cat\/fr\/wp-json\/wp\/v2\/media?parent=40584"}],"wp:term":[{"taxonomy":"category","embeddable":true,"href":"https:\/\/www.geoparcorigens.cat\/fr\/wp-json\/wp\/v2\/categories?post=40584"},{"taxonomy":"post_tag","embeddable":true,"href":"https:\/\/www.geoparcorigens.cat\/fr\/wp-json\/wp\/v2\/tags?post=40584"}],"curies":[{"name":"wp","href":"https:\/\/api.w.org\/{rel}","templated":true}]}}