{"id":40626,"date":"2025-06-17T14:24:41","date_gmt":"2025-06-17T12:24:41","guid":{"rendered":"https:\/\/www.geoparcorigens.cat\/el-geoparc-origens-publica-un-video-de-la-classe-de-geologia-sobre-la-formacio-dels-pirineus-des-de-gerri-de-la-sal-amb-el-doctor-josep-anton-munoz\/"},"modified":"2025-07-28T10:39:11","modified_gmt":"2025-07-28T08:39:11","slug":"el-geoparc-origens-publica-un-video-de-la-classe-de-geologia-sobre-la-formacio-dels-pirineus-des-de-gerri-de-la-sal-amb-el-doctor-josep-anton-munoz","status":"publish","type":"post","link":"https:\/\/www.geoparcorigens.cat\/fr\/el-geoparc-origens-publica-un-video-de-la-classe-de-geologia-sobre-la-formacio-dels-pirineus-des-de-gerri-de-la-sal-amb-el-doctor-josep-anton-munoz\/","title":{"rendered":"Le Geoparc Or\u00edgens publie une vid\u00e9o du cours de g\u00e9ologie sur la formation des Pyr\u00e9n\u00e9es depuis Gerri de la Sal, avec le docteur Josep Anton Mu\u00f1oz."},"content":{"rendered":"\n<ul class=\"wp-block-list\">\n<li><strong>La vid\u00e9o est publi\u00e9e aujourd\u2019hui, 17 juin, sur la cha\u00eene YouTube du Geoparc Or\u00edgens.<\/strong><\/li>\n\n\n\n<li><strong>Il s\u2019agit d\u2019un cours donn\u00e9 par le professeur Josep Anton Mu\u00f1oz depuis le belv\u00e9d\u00e8re du Pla de Guineu.<\/strong><\/li>\n\n\n\n<li><strong>La vid\u00e9o, intitul\u00e9e <em>Formaci\u00f3 dels Pirineus: La discordan\u00e7a de Comte a Gerri de la Sal<\/em> est disponible \u00e0 l\u2019adresse suivante: <a href=\"https:\/\/youtu.be\/9dA3KUD6lHI\" target=\"_blank\" rel=\"noreferrer noopener\">https:\/\/youtu.be\/9dA3KUD6lHI<\/a>.<\/strong><\/li>\n<\/ul>\n\n\n\n<p>En septembre 2024, 42 personnes ont particip\u00e9 \u00e0 une sortie de terrain \u00e0 Gerri de la Sal, au belv\u00e9d\u00e8re du Pla de Guineu, pour d\u00e9couvrir de pr\u00e8s l\u2019un des points g\u00e9ologiques les plus remarquables du Geoparc Or\u00edgens : la discordance de Comte. La journ\u00e9e a \u00e9t\u00e9 marqu\u00e9e par un cours magistral du docteur Josep Anton Mu\u00f1oz, professeur de g\u00e9ologie structurale \u00e0 la Facult\u00e9 des Sciences de la Terre de l\u2019Universit\u00e9 de Barcelone.<\/p>\n\n\n\n<p>Cette initiative vise \u00e0 rendre accessibles au grand public des contenus scientifiques de haute qualit\u00e9 sur l\u2019histoire g\u00e9ologique des Pyr\u00e9n\u00e9es, \u00e0 travers des pr\u00e9sentations de vulgarisation dans des espaces naturels d\u2019un grand int\u00e9r\u00eat. Dans ce contexte, les spectateurs comprendront comment les roches visibles \u00e0 Gerri de la Sal illustrent les principaux \u00e9pisodes de la formation de la cha\u00eene de montagnes : un premier \u00e9pisode de soul\u00e8vement d\u2019une grande cha\u00eene, appel\u00e9 orogen\u00e8se hercynienne, il y a environ 300 millions d\u2019ann\u00e9es, suivi de l\u2019orogen\u00e8se alpine, qui a d\u00e9but\u00e9 il y a environ 85 millions d\u2019ann\u00e9es, donnant naissance \u00e0 l\u2019actuelle cha\u00eene des Pyr\u00e9n\u00e9es. Ces processus g\u00e9ologiques ont donn\u00e9 lieu \u00e0 des formations aussi significatives que la discordance de Comte, une structure cl\u00e9 pour comprendre l\u2019origine et l\u2019\u00e9volution de cette cha\u00eene montagneuse.<\/p>\n\n\n\n<p>Aujourd\u2019hui, 17 juin, la vid\u00e9o enregistr\u00e9e lors de cette pr\u00e9sentation est rendue publique. Ce contenu audiovisuel vient enrichir la collection de vid\u00e9os g\u00e9ologiques du Geoparc Or\u00edgens, accessible via sa cha\u00eene YouTube. La collection compte d\u00e9j\u00e0 deux enregistrements publi\u00e9s, et sera prochainement compl\u00e9t\u00e9e par deux nouvelles vid\u00e9os : l\u2019une tourn\u00e9e dans les gorges de Collegats, sur la commune de la Pobla de Segur, et l\u2019autre entre Coll de Fades et Coll de Sas, sur la commune de Sarroca de Bellera.<\/p>\n\n\n\n<p>L\u2019activit\u00e9 a \u00e9t\u00e9 rendue possible gr\u00e2ce \u00e0 la collaboration de la Mairie de Baix Pallars, du Patronat de Promotion \u00c9conomique de la D\u00e9putation de Lleida, de l\u2019Universit\u00e9 de Barcelone, de l\u2019Institut de Recherche Geomodels, du Gouvernement de la Catalogne et du projet VIGEOCULT, <em>A natural open museum in the Pyrenees: virtual reality experience for dissemination and conservation of the geological and cultural heritage<\/em>, financ\u00e9 par le MICIU\/AEI\/10.13039\/50110001103 et par l\u2019Union europ\u00e9enne \u2013 NextGenerationEU\/PRTR.<\/p>\n","protected":false},"excerpt":{"rendered":"<p>En septembre 2024, 42 personnes ont particip\u00e9 \u00e0 une sortie de terrain \u00e0 Gerri de la Sal, au belv\u00e9d\u00e8re du Pla de Guineu, pour d\u00e9couvrir de pr\u00e8s l\u2019un des points g\u00e9ologiques les plus remarquables du Geoparc Or\u00edgens : la discordance de Comte. La journ\u00e9e a \u00e9t\u00e9 marqu\u00e9e par un cours magistral du docteur Josep Anton&#8230;<\/p>\n","protected":false},"author":2,"featured_media":40617,"comment_status":"open","ping_status":"open","sticky":false,"template":"","format":"standard","meta":{"_acf_changed":false,"_kad_blocks_custom_css":"","_kad_blocks_head_custom_js":"","_kad_blocks_body_custom_js":"","_kad_blocks_footer_custom_js":"","_kad_post_transparent":"","_kad_post_title":"","_kad_post_layout":"","_kad_post_sidebar_id":"","_kad_post_content_style":"","_kad_post_vertical_padding":"","_kad_post_feature":"","_kad_post_feature_position":"","_kad_post_header":false,"_kad_post_footer":false,"_kad_post_classname":"","footnotes":""},"categories":[247],"tags":[304],"class_list":["post-40626","post","type-post","status-publish","format-standard","has-post-thumbnail","hentry","category-education-et-vulgarisation","tag-geologie"],"acf":[],"taxonomy_info":{"category":[{"value":247,"label":"\u00c9ducation et vulgarisation"}],"post_tag":[{"value":304,"label":"G\u00e9ologie"}]},"featured_image_src_large":["https:\/\/www.geoparcorigens.cat\/wp-content\/uploads\/Explicacio-del-catedratic-Josep-Anton-Munoz-al-Pla-de-Guineu-1024x768.jpg",1024,768,true],"author_info":{"display_name":"Geoparc mundial UNESCO Or\u00edgens","author_link":"https:\/\/www.geoparcorigens.cat\/fr\/author\/moon\/"},"comment_info":0,"category_info":[{"term_id":247,"name":"\u00c9ducation et vulgarisation","slug":"education-et-vulgarisation","term_group":0,"term_taxonomy_id":247,"taxonomy":"category","description":"","parent":0,"count":6,"filter":"raw","cat_ID":247,"category_count":6,"category_description":"","cat_name":"\u00c9ducation et vulgarisation","category_nicename":"education-et-vulgarisation","category_parent":0}],"tag_info":[{"term_id":304,"name":"G\u00e9ologie","slug":"geologie","term_group":0,"term_taxonomy_id":304,"taxonomy":"post_tag","description":"","parent":0,"count":2,"filter":"raw"}],"_links":{"self":[{"href":"https:\/\/www.geoparcorigens.cat\/fr\/wp-json\/wp\/v2\/posts\/40626","targetHints":{"allow":["GET"]}}],"collection":[{"href":"https:\/\/www.geoparcorigens.cat\/fr\/wp-json\/wp\/v2\/posts"}],"about":[{"href":"https:\/\/www.geoparcorigens.cat\/fr\/wp-json\/wp\/v2\/types\/post"}],"author":[{"embeddable":true,"href":"https:\/\/www.geoparcorigens.cat\/fr\/wp-json\/wp\/v2\/users\/2"}],"replies":[{"embeddable":true,"href":"https:\/\/www.geoparcorigens.cat\/fr\/wp-json\/wp\/v2\/comments?post=40626"}],"version-history":[{"count":0,"href":"https:\/\/www.geoparcorigens.cat\/fr\/wp-json\/wp\/v2\/posts\/40626\/revisions"}],"wp:featuredmedia":[{"embeddable":true,"href":"https:\/\/www.geoparcorigens.cat\/fr\/wp-json\/wp\/v2\/media\/40617"}],"wp:attachment":[{"href":"https:\/\/www.geoparcorigens.cat\/fr\/wp-json\/wp\/v2\/media?parent=40626"}],"wp:term":[{"taxonomy":"category","embeddable":true,"href":"https:\/\/www.geoparcorigens.cat\/fr\/wp-json\/wp\/v2\/categories?post=40626"},{"taxonomy":"post_tag","embeddable":true,"href":"https:\/\/www.geoparcorigens.cat\/fr\/wp-json\/wp\/v2\/tags?post=40626"}],"curies":[{"name":"wp","href":"https:\/\/api.w.org\/{rel}","templated":true}]}}