{"id":43654,"date":"2025-11-05T13:26:28","date_gmt":"2025-11-05T12:26:28","guid":{"rendered":"https:\/\/www.geoparcorigens.cat\/?p=43654"},"modified":"2025-11-05T14:14:06","modified_gmt":"2025-11-05T13:14:06","slug":"le-geoparc-origens-celebre-le-groupe-de-travail-sur-les-equipements-au-parc-astronomique-du-montsec","status":"publish","type":"post","link":"https:\/\/www.geoparcorigens.cat\/fr\/le-geoparc-origens-celebre-le-groupe-de-travail-sur-les-equipements-au-parc-astronomique-du-montsec\/","title":{"rendered":"Le G\u00e9oparc Or\u00edgens c\u00e9l\u00e8bre le Groupe de Travail sur les \u00c9quipements au Parc Astronomique du Montsec."},"content":{"rendered":"\n<p><\/p>\n\n\n\n<ul class=\"wp-block-list\">\n<li><strong>La r\u00e9union a accueilli des repr\u00e9sentants des mus\u00e9es et des centres d&rsquo;interpr\u00e9tation du G\u00e9oparc.<\/strong><\/li>\n\n\n\n<li><strong>Il s&rsquo;agit de la derni\u00e8re des huit tables rondes th\u00e9matiques organis\u00e9es cette ann\u00e9e par le G\u00e9oparc.<\/strong><\/li>\n\n\n\n<li><strong>Les propositions et contributions recueillies lors de ces diff\u00e9rentes Groupes de Travail permettront de d\u00e9finir les orientations strat\u00e9giques du prochain plan directeur du G\u00e9oparc.<\/strong><\/li>\n<\/ul>\n\n\n\n<p>Hier, le 4 novembre, le Parc Astronomique du Montsec (PAM, \u00c0ger) a accueilli le Groupe de Travail sur les \u00c9quipements du G\u00e9oparc Or\u00edgens. Cette r\u00e9union a rassembl\u00e9 les repr\u00e9sentants des infrastructures du G\u00e9oparc \u2013 mus\u00e9es, centres d&rsquo;interpr\u00e9tation et centres d&rsquo;accueil des visiteurs \u2013 afin de d\u00e9finir des axes de travail communs et de partager leurs exp\u00e9riences. \u00c0 l&rsquo;issue de la r\u00e9union, les participants ont pu profiter d&rsquo;une visite guid\u00e9e du PAM.<\/p>\n\n\n\n<p>Il s&rsquo;agit de la derni\u00e8re r\u00e9union de ce Groupe de Travail organis\u00e9e par le G\u00e9oparc Or\u00edgens dans le cadre du cycle de sessions annuelles qui se sont tenues ces derni\u00e8res semaines et qui sont consacr\u00e9es \u00e0 des th\u00e9matiques telles que le g\u00e9otourisme, la science, le volontariat environnemental, les organismes partenaires et l&rsquo;\u00e9ducation. Ces r\u00e9unions ont \u00e9t\u00e9 organis\u00e9es dans le cadre de la Convention entre le Conseil de promotion \u00e9conomique du Conseil provincial de Lleida et le G\u00e9oparc Or\u00edgens, dans le but d&rsquo;am\u00e9liorer l&rsquo;efficacit\u00e9 dans la r\u00e9alisation des objectifs, de partager les enjeux locaux et de se conformer aux orientations du programme mondial des G\u00e9oparcs de l&rsquo;UNESCO.<\/p>\n\n\n\n<figure class=\"wp-block-image size-large\"><img loading=\"lazy\" decoding=\"async\" width=\"768\" height=\"1024\" src=\"https:\/\/www.geoparcorigens.cat\/wp-content\/uploads\/WhatsApp-Image-2025-11-05-at-13.17.27-1-768x1024.jpeg\" alt=\"\" class=\"wp-image-43635\" srcset=\"https:\/\/www.geoparcorigens.cat\/wp-content\/uploads\/WhatsApp-Image-2025-11-05-at-13.17.27-1-768x1024.jpeg 768w, https:\/\/www.geoparcorigens.cat\/wp-content\/uploads\/WhatsApp-Image-2025-11-05-at-13.17.27-1-225x300.jpeg 225w, https:\/\/www.geoparcorigens.cat\/wp-content\/uploads\/WhatsApp-Image-2025-11-05-at-13.17.27-1-300x400.jpeg 300w, https:\/\/www.geoparcorigens.cat\/wp-content\/uploads\/WhatsApp-Image-2025-11-05-at-13.17.27-1-1152x1536.jpeg 1152w, https:\/\/www.geoparcorigens.cat\/wp-content\/uploads\/WhatsApp-Image-2025-11-05-at-13.17.27-1.jpeg 1450w\" sizes=\"auto, (max-width: 768px) 100vw, 768px\" \/><figcaption class=\"wp-element-caption\">Repr\u00e9sentants des mus\u00e9es et centres lors de la visite guid\u00e9e du parc astronomique du Montsec @geoparcorigens<\/figcaption><\/figure>\n\n\n\n<p>Ces r\u00e9unions sectorielles permettront de d\u00e9finir les actions strat\u00e9giques qui composeront le nouveau Plan Directeur quadriennal du G\u00e9oparc d&rsquo;Or\u00edgens. Ce plan sera le fruit d&rsquo;une d\u00e9marche participative incluant les contributions des principaux acteurs du territoire. L&rsquo;objectif principal de cette d\u00e9marche est d&rsquo;impliquer la population locale dans la gestion et le d\u00e9veloppement du G\u00e9oparc, en encourageant les habitants et les travailleurs locaux \u00e0 s&rsquo;approprier ce projet collectif en y apportant leurs comp\u00e9tences respectives.<\/p>\n\n\n\n<p>Cette ann\u00e9e, le groupe de travail sur les \u00c9quipements a abord\u00e9 divers sujets, tels que la visibilit\u00e9 et la promotion des diff\u00e9rents centres et de leurs activit\u00e9s, la mise en r\u00e9seau et le d\u00e9veloppement de nouveaux produits destin\u00e9s aux visiteurs. La r\u00e9union a permis de d\u00e9gager des id\u00e9es et des propositions visant \u00e0 soutenir les centres disposant de moins de ressources et \u00e0 promouvoir la cr\u00e9ation de nouveaux supports de communication communs. Il convient de souligner la volont\u00e9 partag\u00e9e par toutes les infrastructures de constituer un r\u00e9seau, coordonn\u00e9 par le G\u00e9oparc, qui favorise la coop\u00e9ration entre les diff\u00e9rents espaces pour l&rsquo;organisation de campagnes de promotion, d&rsquo;\u00e9v\u00e9nements, de projets et de nouveaux produits. Cette initiative illustre parfaitement l&rsquo;esprit de coop\u00e9ration et de collaboration qui r\u00e8gne sur le territoire, un des axes majeurs du G\u00e9oparc d&rsquo;Or\u00edgens.<\/p>\n\n\n\n<p><\/p>\n","protected":false},"excerpt":{"rendered":"<p>Hier, le 4 novembre, le Parc Astronomique du Montsec (PAM, \u00c0ger) a accueilli le Groupe de Travail sur les \u00c9quipements du G\u00e9oparc Or\u00edgens. Cette r\u00e9union a rassembl\u00e9 les repr\u00e9sentants des infrastructures du G\u00e9oparc \u2013 mus\u00e9es, centres d&rsquo;interpr\u00e9tation et centres d&rsquo;accueil des visiteurs \u2013 afin de d\u00e9finir des axes de travail communs et de partager leurs&#8230;<\/p>\n","protected":false},"author":2,"featured_media":43641,"comment_status":"open","ping_status":"open","sticky":false,"template":"","format":"standard","meta":{"_acf_changed":false,"_kad_blocks_custom_css":"","_kad_blocks_head_custom_js":"","_kad_blocks_body_custom_js":"","_kad_blocks_footer_custom_js":"","_kad_post_transparent":"","_kad_post_title":"","_kad_post_layout":"","_kad_post_sidebar_id":"","_kad_post_content_style":"","_kad_post_vertical_padding":"","_kad_post_feature":"","_kad_post_feature_position":"","_kad_post_header":false,"_kad_post_footer":false,"_kad_post_classname":"","footnotes":""},"categories":[250],"tags":[],"class_list":["post-43654","post","type-post","status-publish","format-standard","has-post-thumbnail","hentry","category-gestion-du-geoparc-et-travail-en-reseau"],"acf":[],"taxonomy_info":{"category":[{"value":250,"label":"Gestion du G\u00e9oparc et travail en r\u00e9seau"}]},"featured_image_src_large":["https:\/\/www.geoparcorigens.cat\/wp-content\/uploads\/WhatsApp-Image-2025-11-05-at-13.17.27-1024x768.jpeg",1024,768,true],"author_info":{"display_name":"Geoparc mundial UNESCO Or\u00edgens","author_link":"https:\/\/www.geoparcorigens.cat\/fr\/author\/moon\/"},"comment_info":0,"category_info":[{"term_id":250,"name":"Gestion du G\u00e9oparc et travail en r\u00e9seau","slug":"gestion-du-geoparc-et-travail-en-reseau","term_group":0,"term_taxonomy_id":250,"taxonomy":"category","description":"","parent":0,"count":5,"filter":"raw","cat_ID":250,"category_count":5,"category_description":"","cat_name":"Gestion du G\u00e9oparc et travail en r\u00e9seau","category_nicename":"gestion-du-geoparc-et-travail-en-reseau","category_parent":0}],"tag_info":false,"_links":{"self":[{"href":"https:\/\/www.geoparcorigens.cat\/fr\/wp-json\/wp\/v2\/posts\/43654","targetHints":{"allow":["GET"]}}],"collection":[{"href":"https:\/\/www.geoparcorigens.cat\/fr\/wp-json\/wp\/v2\/posts"}],"about":[{"href":"https:\/\/www.geoparcorigens.cat\/fr\/wp-json\/wp\/v2\/types\/post"}],"author":[{"embeddable":true,"href":"https:\/\/www.geoparcorigens.cat\/fr\/wp-json\/wp\/v2\/users\/2"}],"replies":[{"embeddable":true,"href":"https:\/\/www.geoparcorigens.cat\/fr\/wp-json\/wp\/v2\/comments?post=43654"}],"version-history":[{"count":0,"href":"https:\/\/www.geoparcorigens.cat\/fr\/wp-json\/wp\/v2\/posts\/43654\/revisions"}],"wp:featuredmedia":[{"embeddable":true,"href":"https:\/\/www.geoparcorigens.cat\/fr\/wp-json\/wp\/v2\/media\/43641"}],"wp:attachment":[{"href":"https:\/\/www.geoparcorigens.cat\/fr\/wp-json\/wp\/v2\/media?parent=43654"}],"wp:term":[{"taxonomy":"category","embeddable":true,"href":"https:\/\/www.geoparcorigens.cat\/fr\/wp-json\/wp\/v2\/categories?post=43654"},{"taxonomy":"post_tag","embeddable":true,"href":"https:\/\/www.geoparcorigens.cat\/fr\/wp-json\/wp\/v2\/tags?post=43654"}],"curies":[{"name":"wp","href":"https:\/\/api.w.org\/{rel}","templated":true}]}}